{"id":2889,"date":"2018-02-23T10:09:23","date_gmt":"2018-02-23T08:09:23","guid":{"rendered":"https:\/\/waldkritik.de\/?p=2889"},"modified":"2018-02-23T15:10:09","modified_gmt":"2018-02-23T13:10:09","slug":"die-zerstoerung-des-waldbodens-im-schoenbuch-beenden","status":"publish","type":"post","link":"https:\/\/waldkritik.de\/?p=2889","title":{"rendered":"DIE ZERST\u00d6RUNG DES WALDBODENS IM SCH\u00d6NBUCH BEENDEN"},"content":{"rendered":"<p>Kreiszeitung, B\u00f6blinger Bote :<\/p>\n<p><a href=\"http:\/\/www.krzbb.de\/krz_50_111473715-13-_Die-Zerstoerung-des-Waldbodens-im-Schoenbuch-beenden.html\">=&gt; http:\/\/www.krzbb.de\/krz_50_111473715-13-_Die-Zerstoerung-des-Waldbodens-im-Schoenbuch-beenden.html<\/a><\/p>\n","protected":false},"excerpt":{"rendered":"<p>Kreiszeitung, B\u00f6blinger Bote : =&gt; http:\/\/www.krzbb.de\/krz_50_111473715-13-_Die-Zerstoerung-des-Waldbodens-im-Schoenbuch-beenden.html<\/p>\n","protected":false},"author":2,"featured_media":0,"comment_status":"open","ping_status":"closed","sticky":false,"template":"","format":"standard","meta":{"footnotes":""},"categories":[1],"tags":[],"class_list":["post-2889","post","type-post","status-publish","format-standard","hentry","category-der-wald"],"_links":{"self":[{"href":"https:\/\/waldkritik.de\/index.php?rest_route=\/wp\/v2\/posts\/2889","targetHints":{"allow":["GET"]}}],"collection":[{"href":"https:\/\/waldkritik.de\/index.php?rest_route=\/wp\/v2\/posts"}],"about":[{"href":"https:\/\/waldkritik.de\/index.php?rest_route=\/wp\/v2\/types\/post"}],"author":[{"embeddable":true,"href":"https:\/\/waldkritik.de\/index.php?rest_route=\/wp\/v2\/users\/2"}],"replies":[{"embeddable":true,"href":"https:\/\/waldkritik.de\/index.php?rest_route=%2Fwp%2Fv2%2Fcomments&post=2889"}],"version-history":[{"count":4,"href":"https:\/\/waldkritik.de\/index.php?rest_route=\/wp\/v2\/posts\/2889\/revisions"}],"predecessor-version":[{"id":2895,"href":"https:\/\/waldkritik.de\/index.php?rest_route=\/wp\/v2\/posts\/2889\/revisions\/2895"}],"wp:attachment":[{"href":"https:\/\/waldkritik.de\/index.php?rest_route=%2Fwp%2Fv2%2Fmedia&parent=2889"}],"wp:term":[{"taxonomy":"category","embeddable":true,"href":"https:\/\/waldkritik.de\/index.php?rest_route=%2Fwp%2Fv2%2Fcategories&post=2889"},{"taxonomy":"post_tag","embeddable":true,"href":"https:\/\/waldkritik.de\/index.php?rest_route=%2Fwp%2Fv2%2Ftags&post=2889"}],"curies":[{"name":"wp","href":"https:\/\/api.w.org\/{rel}","templated":true}]}}