{"id":2902,"date":"2018-04-30T09:37:46","date_gmt":"2018-04-30T07:37:46","guid":{"rendered":"https:\/\/waldkritik.de\/?p=2902"},"modified":"2018-07-13T19:35:17","modified_gmt":"2018-07-13T17:35:17","slug":"waldkritik-an-fraktion-gruene","status":"publish","type":"post","link":"https:\/\/waldkritik.de\/?p=2902","title":{"rendered":"BODENSCH\u00c4DEN-OFFENER BRIEF AN DIE POLITIK- GR\u00dcNE"},"content":{"rendered":"<p>Korrespondenz mit der\u00a0 Landtagsfraktion\u00a0 der GR\u00dcNEN<\/p>\n<p>=&gt; <a href=\"https:\/\/waldkritik.de\/wp-content\/uploads\/2018\/03\/WALDKRITIK-an-Fraktion-GR\u00dcNE.pdf\">WaldKRITIK an Fraktion GR\u00dcNE<\/a><\/p>\n<p><a href=\"https:\/\/waldkritik.de\/wp-content\/uploads\/2018\/02\/Antwort-Fraktion-Gr\u00fcne-S.1.pdf\"><span style=\"color: #ff0000;\">Fraktion GR\u00dcNE an WALDKRITIK =&gt;S.1<\/span><\/a><span style=\"color: #ff0000;\"><a style=\"color: #ff0000;\" href=\"https:\/\/waldkritik.de\/wp-content\/uploads\/2018\/02\/Antwort-Fraktion-Gr\u00fcne-S.2..pdf\"> =&gt; S.2.<\/a><\/span><\/p>\n<p>Offener Brief an die Mitglieder des Landtags von Baden-W\u00fcrttemberg =&gt; <a href=\"https:\/\/waldkritik.de\/wp-content\/uploads\/2018\/03\/Waldkritik-an-die-Mitglieder-des-Landtags.pdf\">WALDKRITIK an die Mitglieder des Landtags<\/a><\/p>\n","protected":false},"excerpt":{"rendered":"<p>Korrespondenz mit der\u00a0 Landtagsfraktion\u00a0 der GR\u00dcNEN =&gt; WaldKRITIK an Fraktion GR\u00dcNE Fraktion GR\u00dcNE an WALDKRITIK =&gt;S.1 =&gt; S.2. Offener Brief an die Mitglieder des Landtags von Baden-W\u00fcrttemberg =&gt; WALDKRITIK an die Mitglieder des Landtags<\/p>\n","protected":false},"author":2,"featured_media":0,"comment_status":"open","ping_status":"closed","sticky":false,"template":"","format":"standard","meta":{"footnotes":""},"categories":[6,1],"tags":[],"class_list":["post-2902","post","type-post","status-publish","format-standard","hentry","category-baden-wuerttemberg","category-der-wald"],"_links":{"self":[{"href":"https:\/\/waldkritik.de\/index.php?rest_route=\/wp\/v2\/posts\/2902","targetHints":{"allow":["GET"]}}],"collection":[{"href":"https:\/\/waldkritik.de\/index.php?rest_route=\/wp\/v2\/posts"}],"about":[{"href":"https:\/\/waldkritik.de\/index.php?rest_route=\/wp\/v2\/types\/post"}],"author":[{"embeddable":true,"href":"https:\/\/waldkritik.de\/index.php?rest_route=\/wp\/v2\/users\/2"}],"replies":[{"embeddable":true,"href":"https:\/\/waldkritik.de\/index.php?rest_route=%2Fwp%2Fv2%2Fcomments&post=2902"}],"version-history":[{"count":23,"href":"https:\/\/waldkritik.de\/index.php?rest_route=\/wp\/v2\/posts\/2902\/revisions"}],"predecessor-version":[{"id":3140,"href":"https:\/\/waldkritik.de\/index.php?rest_route=\/wp\/v2\/posts\/2902\/revisions\/3140"}],"wp:attachment":[{"href":"https:\/\/waldkritik.de\/index.php?rest_route=%2Fwp%2Fv2%2Fmedia&parent=2902"}],"wp:term":[{"taxonomy":"category","embeddable":true,"href":"https:\/\/waldkritik.de\/index.php?rest_route=%2Fwp%2Fv2%2Fcategories&post=2902"},{"taxonomy":"post_tag","embeddable":true,"href":"https:\/\/waldkritik.de\/index.php?rest_route=%2Fwp%2Fv2%2Ftags&post=2902"}],"curies":[{"name":"wp","href":"https:\/\/api.w.org\/{rel}","templated":true}]}}