{"id":2941,"date":"2018-03-16T09:21:25","date_gmt":"2018-03-16T07:21:25","guid":{"rendered":"https:\/\/waldkritik.de\/?p=2941"},"modified":"2018-07-13T19:38:02","modified_gmt":"2018-07-13T17:38:02","slug":"noch-schoen-buch","status":"publish","type":"post","link":"https:\/\/waldkritik.de\/?p=2941","title":{"rendered":"NOCH SCH\u00d6N-BUCH?"},"content":{"rendered":"<p>Alles was je \u00fcber die Sch\u00f6nheit der B\u00e4ume und W\u00e4lder empfunden und geschrieben wurde ist in uns und um uns zerst\u00f6rt.<br \/>\nPeter H. M\u00fcller<\/p>\n<p>=&gt; <a href=\"https:\/\/waldkritik.de\/wp-content\/uploads\/2018\/03\/P.H.M\u00fcller-Wald-um-T\u00fcbingen.pdf\">P.H.M\u00fcller- Wald um T\u00fcbingen<\/a><\/p>\n","protected":false},"excerpt":{"rendered":"<p>Alles was je \u00fcber die Sch\u00f6nheit der B\u00e4ume und W\u00e4lder empfunden und geschrieben wurde ist in uns und um uns zerst\u00f6rt. Peter H. M\u00fcller =&gt; P.H.M\u00fcller- Wald um T\u00fcbingen<\/p>\n","protected":false},"author":2,"featured_media":0,"comment_status":"open","ping_status":"closed","sticky":false,"template":"","format":"standard","meta":{"footnotes":""},"categories":[6,1],"tags":[],"class_list":["post-2941","post","type-post","status-publish","format-standard","hentry","category-baden-wuerttemberg","category-der-wald"],"_links":{"self":[{"href":"https:\/\/waldkritik.de\/index.php?rest_route=\/wp\/v2\/posts\/2941","targetHints":{"allow":["GET"]}}],"collection":[{"href":"https:\/\/waldkritik.de\/index.php?rest_route=\/wp\/v2\/posts"}],"about":[{"href":"https:\/\/waldkritik.de\/index.php?rest_route=\/wp\/v2\/types\/post"}],"author":[{"embeddable":true,"href":"https:\/\/waldkritik.de\/index.php?rest_route=\/wp\/v2\/users\/2"}],"replies":[{"embeddable":true,"href":"https:\/\/waldkritik.de\/index.php?rest_route=%2Fwp%2Fv2%2Fcomments&post=2941"}],"version-history":[{"count":5,"href":"https:\/\/waldkritik.de\/index.php?rest_route=\/wp\/v2\/posts\/2941\/revisions"}],"predecessor-version":[{"id":2954,"href":"https:\/\/waldkritik.de\/index.php?rest_route=\/wp\/v2\/posts\/2941\/revisions\/2954"}],"wp:attachment":[{"href":"https:\/\/waldkritik.de\/index.php?rest_route=%2Fwp%2Fv2%2Fmedia&parent=2941"}],"wp:term":[{"taxonomy":"category","embeddable":true,"href":"https:\/\/waldkritik.de\/index.php?rest_route=%2Fwp%2Fv2%2Fcategories&post=2941"},{"taxonomy":"post_tag","embeddable":true,"href":"https:\/\/waldkritik.de\/index.php?rest_route=%2Fwp%2Fv2%2Ftags&post=2941"}],"curies":[{"name":"wp","href":"https:\/\/api.w.org\/{rel}","templated":true}]}}