{"id":2945,"date":"2018-03-15T12:23:53","date_gmt":"2018-03-15T10:23:53","guid":{"rendered":"https:\/\/waldkritik.de\/?p=2945"},"modified":"2018-03-15T15:38:55","modified_gmt":"2018-03-15T13:38:55","slug":"waldwahrheit","status":"publish","type":"post","link":"https:\/\/waldkritik.de\/?p=2945","title":{"rendered":"WALDWAHRHEIT"},"content":{"rendered":"<p><em>Waldwahrheit ist ein kritisches Forum f\u00fcr einen offenen Diskurs \u00fcber Anspruch und Wirklichkeit deutscher Waldpolitik. Sie richtet sich an Bev\u00f6lkerung, Politik, Fachwelt und Wissenschaft. Schwerpunkt ist der \u00f6ffentliche Wald und seine Vorbildfunktion.<\/em><\/p>\n<p>=&gt; <a href=\"https:\/\/www.facebook.com\/Waldwahrheit?fref=ts\">https:\/\/www.facebook.com\/Waldwahrheit?fref=ts<\/a><\/p>\n<p>Neu ver\u00f6ffentlicht: <a href=\"https:\/\/www.naturfreunde.de\/sites\/default\/files\/attachments\/2018-03-verantwortung-im-zeitalter-des-menschen.pdf\">&gt;\u00a0 https:\/\/www.naturfreunde.de\/sites\/default\/files\/attachments\/2018-03-verantwortung-im-zeitalter-des-menschen.pdf<\/a><\/p>\n","protected":false},"excerpt":{"rendered":"<p>Waldwahrheit ist ein kritisches Forum f\u00fcr einen offenen Diskurs \u00fcber Anspruch und Wirklichkeit deutscher Waldpolitik. Sie richtet sich an Bev\u00f6lkerung, Politik, Fachwelt und Wissenschaft. Schwerpunkt ist der \u00f6ffentliche Wald und seine Vorbildfunktion. =&gt; https:\/\/www.facebook.com\/Waldwahrheit?fref=ts Neu ver\u00f6ffentlicht: &gt;\u00a0 https:\/\/www.naturfreunde.de\/sites\/default\/files\/attachments\/2018-03-verantwortung-im-zeitalter-des-menschen.pdf<\/p>\n","protected":false},"author":2,"featured_media":0,"comment_status":"open","ping_status":"closed","sticky":false,"template":"","format":"standard","meta":{"footnotes":""},"categories":[1],"tags":[],"class_list":["post-2945","post","type-post","status-publish","format-standard","hentry","category-der-wald"],"_links":{"self":[{"href":"https:\/\/waldkritik.de\/index.php?rest_route=\/wp\/v2\/posts\/2945","targetHints":{"allow":["GET"]}}],"collection":[{"href":"https:\/\/waldkritik.de\/index.php?rest_route=\/wp\/v2\/posts"}],"about":[{"href":"https:\/\/waldkritik.de\/index.php?rest_route=\/wp\/v2\/types\/post"}],"author":[{"embeddable":true,"href":"https:\/\/waldkritik.de\/index.php?rest_route=\/wp\/v2\/users\/2"}],"replies":[{"embeddable":true,"href":"https:\/\/waldkritik.de\/index.php?rest_route=%2Fwp%2Fv2%2Fcomments&post=2945"}],"version-history":[{"count":2,"href":"https:\/\/waldkritik.de\/index.php?rest_route=\/wp\/v2\/posts\/2945\/revisions"}],"predecessor-version":[{"id":2947,"href":"https:\/\/waldkritik.de\/index.php?rest_route=\/wp\/v2\/posts\/2945\/revisions\/2947"}],"wp:attachment":[{"href":"https:\/\/waldkritik.de\/index.php?rest_route=%2Fwp%2Fv2%2Fmedia&parent=2945"}],"wp:term":[{"taxonomy":"category","embeddable":true,"href":"https:\/\/waldkritik.de\/index.php?rest_route=%2Fwp%2Fv2%2Fcategories&post=2945"},{"taxonomy":"post_tag","embeddable":true,"href":"https:\/\/waldkritik.de\/index.php?rest_route=%2Fwp%2Fv2%2Ftags&post=2945"}],"curies":[{"name":"wp","href":"https:\/\/api.w.org\/{rel}","templated":true}]}}