{"id":3028,"date":"2018-04-30T14:27:25","date_gmt":"2018-04-30T12:27:25","guid":{"rendered":"https:\/\/waldkritik.de\/?p=3028"},"modified":"2018-10-12T09:24:48","modified_gmt":"2018-10-12T07:24:48","slug":"offener-brief-an-die-politik-das-mlr-antwortet","status":"publish","type":"post","link":"https:\/\/waldkritik.de\/?p=3028","title":{"rendered":"BODENSCH\u00c4DEN-OFFENER BRIEF AN DIE POLITIK-HERRN MINISTER PETER HAUK, MLR"},"content":{"rendered":"<p>Waldkritik an Frau Staatssekr\u00e4tetrin Gurr-Hirsch,\u00a0 =&gt; <a href=\"https:\/\/waldkritik.de\/wp-content\/uploads\/2018\/05\/WALDKRITIK-an-Frau-Gurr-Hirsch.pdf\">WALDKRITIK an Frau Gurr-Hirsch<\/a><\/p>\n<p><span style=\"color: #ff0000;\">Frau Staatssekret\u00e4rin Gurr-Hirsch,<\/span> <span style=\"color: #ff0000;\">Ministerium f\u00fcr den L\u00e4ndlichen Raum (MLR) <\/span>schreibt.\u00a0 Antwort an Waldkritik =&gt;\u00a0 <span style=\"color: #ff0000;\"><a style=\"color: #ff0000;\" href=\"https:\/\/waldkritik.de\/wp-content\/uploads\/2018\/04\/SMLR-DM-00018041010530.pdf\">SMLR-DM-00018041010530\u00a0<\/a><\/span><\/p>\n<p>Offener Brief an Herrn Minister Peter Hauk =&gt;\u00a0 <a href=\"https:\/\/waldkritik.de\/wp-content\/uploads\/2018\/03\/Waldkritik-an-die-Mitglieder-des-Landtags.pdf\">WALDKRITIK an die Mitglieder des Landtags<\/a><\/p>\n","protected":false},"excerpt":{"rendered":"<p>Waldkritik an Frau Staatssekr\u00e4tetrin Gurr-Hirsch,\u00a0 =&gt; WALDKRITIK an Frau Gurr-Hirsch Frau Staatssekret\u00e4rin Gurr-Hirsch, Ministerium f\u00fcr den L\u00e4ndlichen Raum (MLR) schreibt.\u00a0 Antwort an Waldkritik =&gt;\u00a0 SMLR-DM-00018041010530\u00a0 Offener Brief an Herrn Minister Peter Hauk =&gt;\u00a0 WALDKRITIK an die Mitglieder des Landtags<\/p>\n","protected":false},"author":2,"featured_media":0,"comment_status":"open","ping_status":"closed","sticky":false,"template":"","format":"standard","meta":{"footnotes":""},"categories":[6,1],"tags":[1210,504,1205,24,57,403,1207,32,83,310,1209,1204,1206,249,373,165,203,1208],"class_list":["post-3028","post","type-post","status-publish","format-standard","hentry","category-baden-wuerttemberg","category-der-wald","tag-befahrungslinien","tag-bodenschutzgesetz","tag-cdu-baden-wuerttemberg","tag-forst-bw","tag-forstmaschinen","tag-forwarder","tag-friedlinde-gurr-hirsch","tag-fsc","tag-gelbbauchunke","tag-holz","tag-holzindustrie","tag-minister-hauk","tag-ministerium-f-ernaehrung-u-laendlichen-raum-bw","tag-naturpark-schoenbuch","tag-ordnungsgemaesse-forstwirtschaft","tag-pefc","tag-staatswald","tag-waldflaeche-baden-wuerttemberg"],"_links":{"self":[{"href":"https:\/\/waldkritik.de\/index.php?rest_route=\/wp\/v2\/posts\/3028","targetHints":{"allow":["GET"]}}],"collection":[{"href":"https:\/\/waldkritik.de\/index.php?rest_route=\/wp\/v2\/posts"}],"about":[{"href":"https:\/\/waldkritik.de\/index.php?rest_route=\/wp\/v2\/types\/post"}],"author":[{"embeddable":true,"href":"https:\/\/waldkritik.de\/index.php?rest_route=\/wp\/v2\/users\/2"}],"replies":[{"embeddable":true,"href":"https:\/\/waldkritik.de\/index.php?rest_route=%2Fwp%2Fv2%2Fcomments&post=3028"}],"version-history":[{"count":18,"href":"https:\/\/waldkritik.de\/index.php?rest_route=\/wp\/v2\/posts\/3028\/revisions"}],"predecessor-version":[{"id":3144,"href":"https:\/\/waldkritik.de\/index.php?rest_route=\/wp\/v2\/posts\/3028\/revisions\/3144"}],"wp:attachment":[{"href":"https:\/\/waldkritik.de\/index.php?rest_route=%2Fwp%2Fv2%2Fmedia&parent=3028"}],"wp:term":[{"taxonomy":"category","embeddable":true,"href":"https:\/\/waldkritik.de\/index.php?rest_route=%2Fwp%2Fv2%2Fcategories&post=3028"},{"taxonomy":"post_tag","embeddable":true,"href":"https:\/\/waldkritik.de\/index.php?rest_route=%2Fwp%2Fv2%2Ftags&post=3028"}],"curies":[{"name":"wp","href":"https:\/\/api.w.org\/{rel}","templated":true}]}}