{"id":3129,"date":"2018-05-29T17:52:07","date_gmt":"2018-05-29T15:52:07","guid":{"rendered":"https:\/\/waldkritik.de\/?p=3129"},"modified":"2018-07-13T19:34:01","modified_gmt":"2018-07-13T17:34:01","slug":"antrag-von-mdl-reinholod-pix-und-anderer-gruene","status":"publish","type":"post","link":"https:\/\/waldkritik.de\/?p=3129","title":{"rendered":"ANTRAG VON MDL REINHOLD PIX UND ANDERER GR\u00dcNE"},"content":{"rendered":"<p>&#8230;&#8221;Der dringend erforderliche Bodenschutz bei der Waldbewirtschaftung ist erst dann gew\u00e4hrleistet, wenn auf die Befahrung derjenigen Standorte g\u00e4nzlich verzichtet wird, die f\u00fcr eine Befahrung nicht geeignet sind <span style=\"color: #008000;\">(siehe, Unser\u00a0 Bodenschutzkonzept f\u00fcr den Sch\u00f6nbuch=&gt; rechts)<\/span>. Anstelle einer systematischen Erschlie\u00dfung muss diese standortabh\u00e4ngig erfolgen.&#8221;<a href=\"https:\/\/waldkritik.de\/wp-content\/uploads\/2018\/05\/WALDKRITIK-zur-Antwort-von-Minister-Hauk.pdf\">\u00a0 =&gt;\u00a0 WALDKRITIK zur Antwort von Minister Hauk<\/a><\/p>\n<p><span style=\"color: #ff0000;\">Minister Hauk zum\u00a0 Antrag der Abgeordneten Reinhold Pix und anderen GR\u00dcNE<\/span>-Bodenschutz bei der Holzernte im baden-w\u00fcrttembergischen Forst <a href=\"https:\/\/waldkritik.de\/wp-content\/uploads\/2018\/05\/Antwort-MLR-3873_geschw\u00e4rzt.pdf\"><span style=\"color: #ff0000;\">=&gt;\u00a0 Antwort MLR 3873_geschw\u00e4rzt<\/span><\/a><\/p>\n<p><a href=\"https:\/\/waldkritik.de\/wp-content\/uploads\/2018\/05\/WALDKRITIK-ZUM-ANTRAG.pdf\">=&gt;\u00a0 WALDKRITIK ZUM ANTRAG<\/a><\/p>\n<p><span style=\"color: #ff0000;\">Antrag\u00a0 des Abgeordneten Reinhold Pix und anderen GR\u00dcNEN<\/span> an den Landtag\u00a0 <a href=\"https:\/\/waldkritik.de\/wp-content\/uploads\/2018\/04\/Antrag-3873.pdf\"><span style=\"color: #ff0000;\">=&gt;\u00a0 Antrag 3873<\/span><\/a><\/p>\n","protected":false},"excerpt":{"rendered":"<p>&#8230;&#8221;Der dringend erforderliche Bodenschutz bei der Waldbewirtschaftung ist erst dann gew\u00e4hrleistet, wenn auf die Befahrung derjenigen Standorte g\u00e4nzlich verzichtet wird, die f\u00fcr eine Befahrung nicht geeignet sind (siehe, Unser\u00a0 Bodenschutzkonzept f\u00fcr den Sch\u00f6nbuch=&gt; rechts). Anstelle einer systematischen Erschlie\u00dfung muss diese standortabh\u00e4ngig erfolgen.&#8221;\u00a0 =&gt;\u00a0 WALDKRITIK zur Antwort von Minister Hauk Minister Hauk zum\u00a0 Antrag der Abgeordneten &hellip; <a href=\"https:\/\/waldkritik.de\/?p=3129\" class=\"more-link\"><span class=\"screen-reader-text\">ANTRAG VON MDL REINHOLD PIX UND ANDERER GR\u00dcNE<\/span> weiterlesen <span class=\"meta-nav\">&rarr;<\/span><\/a><\/p>\n","protected":false},"author":2,"featured_media":0,"comment_status":"open","ping_status":"closed","sticky":false,"template":"","format":"standard","meta":{"footnotes":""},"categories":[6,1],"tags":[],"class_list":["post-3129","post","type-post","status-publish","format-standard","hentry","category-baden-wuerttemberg","category-der-wald"],"_links":{"self":[{"href":"https:\/\/waldkritik.de\/index.php?rest_route=\/wp\/v2\/posts\/3129","targetHints":{"allow":["GET"]}}],"collection":[{"href":"https:\/\/waldkritik.de\/index.php?rest_route=\/wp\/v2\/posts"}],"about":[{"href":"https:\/\/waldkritik.de\/index.php?rest_route=\/wp\/v2\/types\/post"}],"author":[{"embeddable":true,"href":"https:\/\/waldkritik.de\/index.php?rest_route=\/wp\/v2\/users\/2"}],"replies":[{"embeddable":true,"href":"https:\/\/waldkritik.de\/index.php?rest_route=%2Fwp%2Fv2%2Fcomments&post=3129"}],"version-history":[{"count":5,"href":"https:\/\/waldkritik.de\/index.php?rest_route=\/wp\/v2\/posts\/3129\/revisions"}],"predecessor-version":[{"id":3139,"href":"https:\/\/waldkritik.de\/index.php?rest_route=\/wp\/v2\/posts\/3129\/revisions\/3139"}],"wp:attachment":[{"href":"https:\/\/waldkritik.de\/index.php?rest_route=%2Fwp%2Fv2%2Fmedia&parent=3129"}],"wp:term":[{"taxonomy":"category","embeddable":true,"href":"https:\/\/waldkritik.de\/index.php?rest_route=%2Fwp%2Fv2%2Fcategories&post=3129"},{"taxonomy":"post_tag","embeddable":true,"href":"https:\/\/waldkritik.de\/index.php?rest_route=%2Fwp%2Fv2%2Ftags&post=3129"}],"curies":[{"name":"wp","href":"https:\/\/api.w.org\/{rel}","templated":true}]}}