{"id":3151,"date":"2018-06-18T07:19:45","date_gmt":"2018-06-18T05:19:45","guid":{"rendered":"https:\/\/waldkritik.de\/?p=3151"},"modified":"2018-07-13T19:33:23","modified_gmt":"2018-07-13T17:33:23","slug":"gruen-denken-ist-leichter-als-gruen-regieren","status":"publish","type":"post","link":"https:\/\/waldkritik.de\/?p=3151","title":{"rendered":"Gr\u00fcn denken ist leichter als gr\u00fcn regieren"},"content":{"rendered":"<p>GILT GERADE F\u00dcR DEN SCH\u00d6NBUCH \u2026&#8221;Gr\u00fcne W\u00e4hler w\u00fcnschten sich, dass gr\u00fcne Werte deutlich im Regierungshandeln erkennbar blieben.&#8221; =&gt;\u00a0<a href=\"http:\/\/www.deutschlandfunk.de\/abwahl-von-dieter-salomon-gruen-denken-ist-leichter-als.720.de.html?dram%3Aarticle_id=417392\">http:\/\/www.deutschlandfunk.de\/abwahl-von-dieter-salomon-gruen-denken-ist-leichter-als.720.de.html?dram%3Aarticle_id=417392<\/a><\/p>\n<p>&nbsp;<\/p>\n","protected":false},"excerpt":{"rendered":"<p>GILT GERADE F\u00dcR DEN SCH\u00d6NBUCH \u2026&#8221;Gr\u00fcne W\u00e4hler w\u00fcnschten sich, dass gr\u00fcne Werte deutlich im Regierungshandeln erkennbar blieben.&#8221; =&gt;\u00a0http:\/\/www.deutschlandfunk.de\/abwahl-von-dieter-salomon-gruen-denken-ist-leichter-als.720.de.html?dram%3Aarticle_id=417392 &nbsp;<\/p>\n","protected":false},"author":2,"featured_media":0,"comment_status":"open","ping_status":"closed","sticky":false,"template":"","format":"standard","meta":{"footnotes":""},"categories":[6,1],"tags":[],"class_list":["post-3151","post","type-post","status-publish","format-standard","hentry","category-baden-wuerttemberg","category-der-wald"],"_links":{"self":[{"href":"https:\/\/waldkritik.de\/index.php?rest_route=\/wp\/v2\/posts\/3151","targetHints":{"allow":["GET"]}}],"collection":[{"href":"https:\/\/waldkritik.de\/index.php?rest_route=\/wp\/v2\/posts"}],"about":[{"href":"https:\/\/waldkritik.de\/index.php?rest_route=\/wp\/v2\/types\/post"}],"author":[{"embeddable":true,"href":"https:\/\/waldkritik.de\/index.php?rest_route=\/wp\/v2\/users\/2"}],"replies":[{"embeddable":true,"href":"https:\/\/waldkritik.de\/index.php?rest_route=%2Fwp%2Fv2%2Fcomments&post=3151"}],"version-history":[{"count":2,"href":"https:\/\/waldkritik.de\/index.php?rest_route=\/wp\/v2\/posts\/3151\/revisions"}],"predecessor-version":[{"id":3154,"href":"https:\/\/waldkritik.de\/index.php?rest_route=\/wp\/v2\/posts\/3151\/revisions\/3154"}],"wp:attachment":[{"href":"https:\/\/waldkritik.de\/index.php?rest_route=%2Fwp%2Fv2%2Fmedia&parent=3151"}],"wp:term":[{"taxonomy":"category","embeddable":true,"href":"https:\/\/waldkritik.de\/index.php?rest_route=%2Fwp%2Fv2%2Fcategories&post=3151"},{"taxonomy":"post_tag","embeddable":true,"href":"https:\/\/waldkritik.de\/index.php?rest_route=%2Fwp%2Fv2%2Ftags&post=3151"}],"curies":[{"name":"wp","href":"https:\/\/api.w.org\/{rel}","templated":true}]}}