{"id":3178,"date":"2018-07-19T09:31:03","date_gmt":"2018-07-19T07:31:03","guid":{"rendered":"https:\/\/waldkritik.de\/?p=3178"},"modified":"2018-08-28T21:03:35","modified_gmt":"2018-08-28T19:03:35","slug":"ist-natur-geduldig-2","status":"publish","type":"post","link":"https:\/\/waldkritik.de\/?p=3178","title":{"rendered":"III &#8211; BLEIBT NATUR GEDULDIG"},"content":{"rendered":"<p>wenn ForstBW mit kalter Berechnung alle Z\u00fcgel schie\u00dfen l\u00e4sst?<\/p>\n<p><a href=\"https:\/\/waldkritik.de\/wp-content\/uploads\/2018\/07\/Foto-Dr.A.Luther.jpg\"><img loading=\"lazy\" decoding=\"async\" class=\"aligncenter size-full wp-image-3206\" src=\"https:\/\/waldkritik.de\/wp-content\/uploads\/2018\/07\/Foto-Dr.A.Luther.jpg\" alt=\"\" width=\"379\" height=\"500\" srcset=\"https:\/\/waldkritik.de\/wp-content\/uploads\/2018\/07\/Foto-Dr.A.Luther.jpg 379w, https:\/\/waldkritik.de\/wp-content\/uploads\/2018\/07\/Foto-Dr.A.Luther-227x300.jpg 227w\" sizes=\"auto, (max-width: 379px) 100vw, 379px\" \/><\/a><\/p>\n<p>FOTO: Dr. Andreas Luther<\/p>\n<p>PROF. J\u00d6RN ERLER:\u00a0 <a href=\"https:\/\/waldkritik.de\/wp-content\/uploads\/2018\/07\/Bodenbelastung-und-Bodensch\u00e4den-im-Wald-Teil-3.pdf\">Bodenbelastung und Bodensch\u00e4den im Wald &#8211;\u00a0 Teil 3<\/a><\/p>\n","protected":false},"excerpt":{"rendered":"<p>wenn ForstBW mit kalter Berechnung alle Z\u00fcgel schie\u00dfen l\u00e4sst? FOTO: Dr. Andreas Luther PROF. J\u00d6RN ERLER:\u00a0 Bodenbelastung und Bodensch\u00e4den im Wald &#8211;\u00a0 Teil 3<\/p>\n","protected":false},"author":2,"featured_media":0,"comment_status":"open","ping_status":"closed","sticky":false,"template":"","format":"standard","meta":{"footnotes":""},"categories":[6,1],"tags":[],"class_list":["post-3178","post","type-post","status-publish","format-standard","hentry","category-baden-wuerttemberg","category-der-wald"],"_links":{"self":[{"href":"https:\/\/waldkritik.de\/index.php?rest_route=\/wp\/v2\/posts\/3178","targetHints":{"allow":["GET"]}}],"collection":[{"href":"https:\/\/waldkritik.de\/index.php?rest_route=\/wp\/v2\/posts"}],"about":[{"href":"https:\/\/waldkritik.de\/index.php?rest_route=\/wp\/v2\/types\/post"}],"author":[{"embeddable":true,"href":"https:\/\/waldkritik.de\/index.php?rest_route=\/wp\/v2\/users\/2"}],"replies":[{"embeddable":true,"href":"https:\/\/waldkritik.de\/index.php?rest_route=%2Fwp%2Fv2%2Fcomments&post=3178"}],"version-history":[{"count":25,"href":"https:\/\/waldkritik.de\/index.php?rest_route=\/wp\/v2\/posts\/3178\/revisions"}],"predecessor-version":[{"id":3351,"href":"https:\/\/waldkritik.de\/index.php?rest_route=\/wp\/v2\/posts\/3178\/revisions\/3351"}],"wp:attachment":[{"href":"https:\/\/waldkritik.de\/index.php?rest_route=%2Fwp%2Fv2%2Fmedia&parent=3178"}],"wp:term":[{"taxonomy":"category","embeddable":true,"href":"https:\/\/waldkritik.de\/index.php?rest_route=%2Fwp%2Fv2%2Fcategories&post=3178"},{"taxonomy":"post_tag","embeddable":true,"href":"https:\/\/waldkritik.de\/index.php?rest_route=%2Fwp%2Fv2%2Ftags&post=3178"}],"curies":[{"name":"wp","href":"https:\/\/api.w.org\/{rel}","templated":true}]}}