{"id":319,"date":"2014-09-22T23:21:40","date_gmt":"2014-09-22T21:21:40","guid":{"rendered":"http:\/\/waldkritik.de\/?p=319"},"modified":"2016-09-22T11:39:09","modified_gmt":"2016-09-22T09:39:09","slug":"vortragsankuendigung-vorsorgender-bodenschutz-beim-einsatz-von-holzerntetechnik","status":"publish","type":"post","link":"https:\/\/waldkritik.de\/?p=319","title":{"rendered":"Vortragsank\u00fcndigung: &#8220;Vorsorgender Bodenschutz beim Einsatz von Holzerntetechnik&#8221;"},"content":{"rendered":"<h2><\/h2>\n<div class=\"news-single-img\"><a href=\"https:\/\/waldkritik.de\/wp-content\/uploads\/2014\/09\/Vortrag-Bodenschutz.jpg\"><img loading=\"lazy\" decoding=\"async\" class=\"size-full wp-image-320 alignleft\" src=\"https:\/\/waldkritik.de\/wp-content\/uploads\/2014\/09\/Vortrag-Bodenschutz.jpg\" alt=\"Vortrag-Bodenschutz\" width=\"440\" height=\"330\" srcset=\"https:\/\/waldkritik.de\/wp-content\/uploads\/2014\/09\/Vortrag-Bodenschutz.jpg 440w, https:\/\/waldkritik.de\/wp-content\/uploads\/2014\/09\/Vortrag-Bodenschutz-300x224.jpg 300w, https:\/\/waldkritik.de\/wp-content\/uploads\/2014\/09\/Vortrag-Bodenschutz-400x300.jpg 400w\" sizes=\"auto, (max-width: 440px) 100vw, 440px\" \/><\/a><\/div>\n<p>&nbsp;<\/p>\n<p>&nbsp;<\/p>\n<p>&nbsp;<\/p>\n<p>&nbsp;<\/p>\n<p>&nbsp;<\/p>\n<p>&nbsp;<\/p>\n<p>&nbsp;<\/p>\n<p>&nbsp;<\/p>\n<p style=\"text-align: justify\"><strong>Vortrag und Diskussion mit Martin Gr\u00fcll<\/strong>,<br \/>\nLandeskompetenzzentrum Forst Eberswalde (LFE)<br \/>\n<strong>Do, 27.11.2014, 19:00 Uhr, Aula, Hochschule f\u00fcr Forstwirtschaft ROTTENBURG<\/strong><\/p>\n<p style=\"text-align: justify\">Als die Holzernte im Wald noch mit bescheidenem Maschineneinsatz und vor allem mit Pferden erfolgte, war dies oft nur im Winter und bei gefrorenem Boden m\u00f6glich. Moderne Holzernte sieht heute anders aus: Abgesehen vom \u00fcblichen Gro\u00dfmaschineneinsatz wird heute auch fast ganzj\u00e4hrig im Wald Holz geerntet. So ist der\u00a0 Einsatz moderner Holzerntetechnik auch immer mit dem Risiko unbeabsichtigter Nebenwirkungen verbunden. Neben dem Schutzgut Boden ist in zunehmendem Ma\u00dfe auch die Integrit\u00e4t von Arten, Biotopen und Lebensr\u00e4umen betroffen.<\/p>\n<p style=\"text-align: justify\">Bei der Auswahl geeigneter Holzernteverfahren m\u00fcssen daher nicht nur technische und wirtschaftliche Kriterien sondern gleichrangig auch \u00f6kologische Kriterien beachtet werden. \u00c4hnlich wie die Bewirtschaftungszielsetzung variiert auch die individuelle Bodenschutzmotivation der verschiedenen Waldeigent\u00fcmer. Daher m\u00fcssen f\u00fcr unterschiedliche Vorsorgestufen (minimale, erh\u00f6hte, optimale Vorsorge) operationale Entscheidungshilfen gegeben werden.<\/p>\n<p style=\"text-align: justify\">Die Erweiterung der konventionellen forsttechnischen Standortsklassifizierung um eine Wertklassifizierung nat\u00fcrlicher Bodenfunktionen (Produktion, Lebensraum, Regelung) bietet die M\u00f6glichkeit zur Ber\u00fccksichtigung unterschiedlich motivierter Bodenschutzinteressen bei technischen Entscheidungen. Mit diesem methodischen Ansatz k\u00f6nnen f\u00fcr jeden Waldstandort Empfehlungen f\u00fcr Feinerschlie\u00dfung, Maschinenbefahrung und Holzernteverfahren gegeben werden, die eine Risikominimierung beim Forsttechnikeinsatz erm\u00f6glichen.<\/p>\n","protected":false},"excerpt":{"rendered":"<p>&nbsp; &nbsp; &nbsp; &nbsp; &nbsp; &nbsp; &nbsp; &nbsp; Vortrag und Diskussion mit Martin Gr\u00fcll, Landeskompetenzzentrum Forst Eberswalde (LFE) Do, 27.11.2014, 19:00 Uhr, Aula, Hochschule f\u00fcr Forstwirtschaft ROTTENBURG Als die Holzernte im Wald noch mit bescheidenem Maschineneinsatz und vor allem mit Pferden erfolgte, war dies oft nur im Winter und bei gefrorenem Boden m\u00f6glich. Moderne Holzernte &hellip; <a href=\"https:\/\/waldkritik.de\/?p=319\" class=\"more-link\"><span class=\"screen-reader-text\">Vortragsank\u00fcndigung: &#8220;Vorsorgender Bodenschutz beim Einsatz von Holzerntetechnik&#8221;<\/span> weiterlesen <span class=\"meta-nav\">&rarr;<\/span><\/a><\/p>\n","protected":false},"author":2,"featured_media":0,"comment_status":"open","ping_status":"closed","sticky":false,"template":"","format":"standard","meta":{"footnotes":""},"categories":[52,1],"tags":[1134,1127,1137,1135,1128,1136,1130,1139,587,1129,1132,45,1138,1131,1126],"class_list":["post-319","post","type-post","status-publish","format-standard","hentry","category-allgemeine-waldthemen","category-der-wald","tag-bewirtschaftungszielsetzung-und-bodenschutzmotivation","tag-einsatz-von-holzerntetechnik","tag-empfehlungen-fuer-feinerschliessung-maschinenbefahrung-holzernteverfahren","tag-entscheidungshilfen-fuer-unterschiedliche-vorsorgestufen","tag-forstkompetenzzentrum-ebertswalde","tag-forsttechnische-standortqualifizierung-und-wertqualifizierung-natuerlicher-bodenfunktion","tag-ganzjaehrige-holzernte","tag-gleichrangigkeit-von-technischen-oekonomischen-und-oekologischen-zielen","tag-grossmaschinen","tag-hochschule-fuer-forstwirtschaft-rottenburg","tag-integritaet-von-arten-biotopen-lebnsraeumen","tag-martin-gruell","tag-risikominimierung-beim-forsttechnikeinsatz","tag-schutzgut-boden","tag-vorsorgender-bodenschutz"],"_links":{"self":[{"href":"https:\/\/waldkritik.de\/index.php?rest_route=\/wp\/v2\/posts\/319","targetHints":{"allow":["GET"]}}],"collection":[{"href":"https:\/\/waldkritik.de\/index.php?rest_route=\/wp\/v2\/posts"}],"about":[{"href":"https:\/\/waldkritik.de\/index.php?rest_route=\/wp\/v2\/types\/post"}],"author":[{"embeddable":true,"href":"https:\/\/waldkritik.de\/index.php?rest_route=\/wp\/v2\/users\/2"}],"replies":[{"embeddable":true,"href":"https:\/\/waldkritik.de\/index.php?rest_route=%2Fwp%2Fv2%2Fcomments&post=319"}],"version-history":[{"count":4,"href":"https:\/\/waldkritik.de\/index.php?rest_route=\/wp\/v2\/posts\/319\/revisions"}],"predecessor-version":[{"id":324,"href":"https:\/\/waldkritik.de\/index.php?rest_route=\/wp\/v2\/posts\/319\/revisions\/324"}],"wp:attachment":[{"href":"https:\/\/waldkritik.de\/index.php?rest_route=%2Fwp%2Fv2%2Fmedia&parent=319"}],"wp:term":[{"taxonomy":"category","embeddable":true,"href":"https:\/\/waldkritik.de\/index.php?rest_route=%2Fwp%2Fv2%2Fcategories&post=319"},{"taxonomy":"post_tag","embeddable":true,"href":"https:\/\/waldkritik.de\/index.php?rest_route=%2Fwp%2Fv2%2Ftags&post=319"}],"curies":[{"name":"wp","href":"https:\/\/api.w.org\/{rel}","templated":true}]}}