{"id":327,"date":"2014-10-29T13:59:13","date_gmt":"2014-10-29T11:59:13","guid":{"rendered":"http:\/\/waldkritik.de\/?p=327"},"modified":"2014-10-29T13:59:27","modified_gmt":"2014-10-29T11:59:27","slug":"vorsorgender-bodenschutz-vortrag-von-martin-gruell","status":"publish","type":"post","link":"https:\/\/waldkritik.de\/?p=327","title":{"rendered":"Vorsorgender Bodenschutz &#8230;  <br>Vortrag von Martin Gr\u00fcll"},"content":{"rendered":"<p style=\"text-align: justify;\">In den letzten Jahren entstanden in den Staats- und Gemeindew\u00e4ldern des Sch\u00f6nbuchs Bodensch\u00e4den, die in Art und Umfang ein Vielfaches der Sch\u00e4den umfassen, die sich alle zusammen in den Jahrhunderten der Waldnutzung zuvor aufsummiert hatten. Ursache f\u00fcr diese dramatische Entwicklung ist, da\u00df auf maschinelle Holzernte umgestellt wurde, und die empfindlichsten Standorte mit ungeeigneter Technik, h\u00e4ufig auch noch bei ungeeigneter Witterung befahren wurden.<\/p>\n<p style=\"text-align: justify;\">Nach dem Eindruck von \u201eWaldkritik\u201c teilt zumindest eine Mehrheit der Forstleute im Sch\u00f6nbuch unsere Sorge um die Befahrungssch\u00e4den (\u201eBoden und Bodenfruchtbarkeit erhalten\u201c, als Grundlage einer pfleglichen Bewirtschaftung des Waldes, \u00a714\/1\/ Landeswaldgesetz), und es wurde angek\u00fcndigt, k\u00fcnftig auf geeignetere Technik, n\u00e4mlich auf 6- und 8- Radmaschinen mit B\u00e4ndern umzustellen. Abgesehen davon, da\u00df eine 6- Rad Maschine auf einer Achse keine B\u00e4nder erm\u00f6glicht, ist eine derartige Verbesserung nach Auffassung von \u201eWaldkritik\u201c nicht ausreichend, befahrungsempfindliche Standorte erfordern den Einsatz von Raupen, teilweise ist aber auch auf maschinelle Holzernte ganz zu verzichten, und zu herk\u00f6mmlichen Aufarbeitungsmethoden zur\u00fcckzukehren.<\/p>\n<p>Zu diesem Themenumfeld weisen wir auf folgende Veranstaltungen hin :<\/p>\n<p><strong>Vortrag Martin Gr\u00fcll<\/strong> (Landeskompetenzzentrum Forst Eberswalde)<\/p>\n<p><strong><em>\u00a0\u201eVorsorgender Bodenschutz beim Einsatz von Holzerntetechnik\u201c<\/em><\/strong><\/p>\n<p><strong>27. November 2014, 19.00 Uhr, <\/strong>Hochschule f\u00fcr Forstwirtschaft Rottenburg.<\/p>\n<p>Hr. Gr\u00fcll wird bei diesem Vortrag das Bodenschutzkonzept des Landesbetriebs Forst Brandenburg erl\u00e4utern und wird beispielhaft die m\u00f6gliche Anwendung auf Waldstandorte im Sch\u00f6nbuch vorstellen.<\/p>\n","protected":false},"excerpt":{"rendered":"<p>In den letzten Jahren entstanden in den Staats- und Gemeindew\u00e4ldern des Sch\u00f6nbuchs Bodensch\u00e4den, die in Art und Umfang ein Vielfaches der Sch\u00e4den umfassen, die sich alle zusammen in den Jahrhunderten der Waldnutzung zuvor aufsummiert hatten. Ursache f\u00fcr diese dramatische Entwicklung ist, da\u00df auf maschinelle Holzernte umgestellt wurde, und die empfindlichsten Standorte mit ungeeigneter Technik, h\u00e4ufig &hellip; <a href=\"https:\/\/waldkritik.de\/?p=327\" class=\"more-link\"><span class=\"screen-reader-text\">Vorsorgender Bodenschutz &#8230;  <br \/>Vortrag von Martin Gr\u00fcll<\/span> weiterlesen <span class=\"meta-nav\">&rarr;<\/span><\/a><\/p>\n","protected":false},"author":1,"featured_media":0,"comment_status":"open","ping_status":"closed","sticky":false,"template":"","format":"standard","meta":{"footnotes":""},"categories":[52],"tags":[],"class_list":["post-327","post","type-post","status-publish","format-standard","hentry","category-allgemeine-waldthemen"],"_links":{"self":[{"href":"https:\/\/waldkritik.de\/index.php?rest_route=\/wp\/v2\/posts\/327","targetHints":{"allow":["GET"]}}],"collection":[{"href":"https:\/\/waldkritik.de\/index.php?rest_route=\/wp\/v2\/posts"}],"about":[{"href":"https:\/\/waldkritik.de\/index.php?rest_route=\/wp\/v2\/types\/post"}],"author":[{"embeddable":true,"href":"https:\/\/waldkritik.de\/index.php?rest_route=\/wp\/v2\/users\/1"}],"replies":[{"embeddable":true,"href":"https:\/\/waldkritik.de\/index.php?rest_route=%2Fwp%2Fv2%2Fcomments&post=327"}],"version-history":[{"count":4,"href":"https:\/\/waldkritik.de\/index.php?rest_route=\/wp\/v2\/posts\/327\/revisions"}],"predecessor-version":[{"id":331,"href":"https:\/\/waldkritik.de\/index.php?rest_route=\/wp\/v2\/posts\/327\/revisions\/331"}],"wp:attachment":[{"href":"https:\/\/waldkritik.de\/index.php?rest_route=%2Fwp%2Fv2%2Fmedia&parent=327"}],"wp:term":[{"taxonomy":"category","embeddable":true,"href":"https:\/\/waldkritik.de\/index.php?rest_route=%2Fwp%2Fv2%2Fcategories&post=327"},{"taxonomy":"post_tag","embeddable":true,"href":"https:\/\/waldkritik.de\/index.php?rest_route=%2Fwp%2Fv2%2Ftags&post=327"}],"curies":[{"name":"wp","href":"https:\/\/api.w.org\/{rel}","templated":true}]}}