{"id":3285,"date":"2018-08-10T12:11:57","date_gmt":"2018-08-10T10:11:57","guid":{"rendered":"https:\/\/waldkritik.de\/?p=3285"},"modified":"2018-08-28T21:00:26","modified_gmt":"2018-08-28T19:00:26","slug":"bleibt-natur-geduldig","status":"publish","type":"post","link":"https:\/\/waldkritik.de\/?p=3285","title":{"rendered":"VI &#8211; BLEIBT NATUR GEDULDIG"},"content":{"rendered":"<p>wenn Forst BW,\u00a0 \u00a0\u030e wild auf Wald \u00a0\u030e, Spurtiefen bis 40 cm (!) als wirksamen Boden\u00adschutz preist?<\/p>\n<p><a href=\"https:\/\/waldkritik.de\/wp-content\/uploads\/2018\/08\/Bild-3-885x1024.jpg\"><img loading=\"lazy\" decoding=\"async\" class=\"aligncenter size-full wp-image-3324\" src=\"https:\/\/waldkritik.de\/wp-content\/uploads\/2018\/08\/Bild-3-885x1024.jpg\" alt=\"\" width=\"372\" height=\"510\" srcset=\"https:\/\/waldkritik.de\/wp-content\/uploads\/2018\/08\/Bild-3-885x1024.jpg 372w, https:\/\/waldkritik.de\/wp-content\/uploads\/2018\/08\/Bild-3-885x1024-219x300.jpg 219w\" sizes=\"auto, (max-width: 372px) 100vw, 372px\" \/><\/a><\/p>\n<p>FOTO: Sch\u00fclerzeitung Leonhard-Wagner-Schule Schwabm\u00fcnchen<\/p>\n<p>PROF. J\u00d6RN ERLER:\u00a0 <a href=\"https:\/\/waldkritik.de\/wp-content\/uploads\/2018\/08\/Bodenbelastung-und-Bodensch\u00e4den-im-Wald-Teil-6.pdf\">Bodenbelastung und Bodensch\u00e4den im Wald &#8211; Teil 6<\/a><\/p>\n","protected":false},"excerpt":{"rendered":"<p>wenn Forst BW,\u00a0 \u00a0\u030e wild auf Wald \u00a0\u030e, Spurtiefen bis 40 cm (!) als wirksamen Boden\u00adschutz preist? FOTO: Sch\u00fclerzeitung Leonhard-Wagner-Schule Schwabm\u00fcnchen PROF. J\u00d6RN ERLER:\u00a0 Bodenbelastung und Bodensch\u00e4den im Wald &#8211; Teil 6<\/p>\n","protected":false},"author":2,"featured_media":0,"comment_status":"open","ping_status":"closed","sticky":false,"template":"","format":"standard","meta":{"footnotes":""},"categories":[1],"tags":[],"class_list":["post-3285","post","type-post","status-publish","format-standard","hentry","category-der-wald"],"_links":{"self":[{"href":"https:\/\/waldkritik.de\/index.php?rest_route=\/wp\/v2\/posts\/3285","targetHints":{"allow":["GET"]}}],"collection":[{"href":"https:\/\/waldkritik.de\/index.php?rest_route=\/wp\/v2\/posts"}],"about":[{"href":"https:\/\/waldkritik.de\/index.php?rest_route=\/wp\/v2\/types\/post"}],"author":[{"embeddable":true,"href":"https:\/\/waldkritik.de\/index.php?rest_route=\/wp\/v2\/users\/2"}],"replies":[{"embeddable":true,"href":"https:\/\/waldkritik.de\/index.php?rest_route=%2Fwp%2Fv2%2Fcomments&post=3285"}],"version-history":[{"count":14,"href":"https:\/\/waldkritik.de\/index.php?rest_route=\/wp\/v2\/posts\/3285\/revisions"}],"predecessor-version":[{"id":3346,"href":"https:\/\/waldkritik.de\/index.php?rest_route=\/wp\/v2\/posts\/3285\/revisions\/3346"}],"wp:attachment":[{"href":"https:\/\/waldkritik.de\/index.php?rest_route=%2Fwp%2Fv2%2Fmedia&parent=3285"}],"wp:term":[{"taxonomy":"category","embeddable":true,"href":"https:\/\/waldkritik.de\/index.php?rest_route=%2Fwp%2Fv2%2Fcategories&post=3285"},{"taxonomy":"post_tag","embeddable":true,"href":"https:\/\/waldkritik.de\/index.php?rest_route=%2Fwp%2Fv2%2Ftags&post=3285"}],"curies":[{"name":"wp","href":"https:\/\/api.w.org\/{rel}","templated":true}]}}