{"id":3308,"date":"2018-08-24T15:13:44","date_gmt":"2018-08-24T13:13:44","guid":{"rendered":"https:\/\/waldkritik.de\/?p=3308"},"modified":"2018-08-28T21:01:52","modified_gmt":"2018-08-28T19:01:52","slug":"vii-bleibt-natur-geduldig","status":"publish","type":"post","link":"https:\/\/waldkritik.de\/?p=3308","title":{"rendered":"VII &#8211; BLEIBT NATUR GEDULDIG"},"content":{"rendered":"<p>wenn Forstwirtschaft nur auf gewinnbringenden\u00a0 Holzverkauf ausgerichtet, die Fruchtbarkeit unserer Wald-B\u00f6den zu unser aller Schaden auch weiterhin zerst\u00f6rt.<\/p>\n<p><a href=\"https:\/\/waldkritik.de\/wp-content\/uploads\/2018\/08\/P1010715-Kopie-2.jpg\"><img loading=\"lazy\" decoding=\"async\" class=\"aligncenter size-full wp-image-3327\" src=\"https:\/\/waldkritik.de\/wp-content\/uploads\/2018\/08\/P1010715-Kopie-2.jpg\" alt=\"\" width=\"375\" height=\"500\" \/><\/a><\/p>\n<p>FOTO: Harald Kunz<\/p>\n<p>PROF. J\u00d6RN ERLER:\u00a0 <a href=\"https:\/\/waldkritik.de\/wp-content\/uploads\/2018\/08\/Bodenbelastung-und-Bodensch\u00e4den-im-Wald-Teil-7.pdf\">Bodenbelastung und Bodensch\u00e4den im Wald &#8211; Teil 7<\/a><\/p>\n","protected":false},"excerpt":{"rendered":"<p>wenn Forstwirtschaft nur auf gewinnbringenden\u00a0 Holzverkauf ausgerichtet, die Fruchtbarkeit unserer Wald-B\u00f6den zu unser aller Schaden auch weiterhin zerst\u00f6rt. FOTO: Harald Kunz PROF. J\u00d6RN ERLER:\u00a0 Bodenbelastung und Bodensch\u00e4den im Wald &#8211; Teil 7<\/p>\n","protected":false},"author":2,"featured_media":0,"comment_status":"open","ping_status":"closed","sticky":false,"template":"","format":"standard","meta":{"footnotes":""},"categories":[1],"tags":[],"class_list":["post-3308","post","type-post","status-publish","format-standard","hentry","category-der-wald"],"_links":{"self":[{"href":"https:\/\/waldkritik.de\/index.php?rest_route=\/wp\/v2\/posts\/3308","targetHints":{"allow":["GET"]}}],"collection":[{"href":"https:\/\/waldkritik.de\/index.php?rest_route=\/wp\/v2\/posts"}],"about":[{"href":"https:\/\/waldkritik.de\/index.php?rest_route=\/wp\/v2\/types\/post"}],"author":[{"embeddable":true,"href":"https:\/\/waldkritik.de\/index.php?rest_route=\/wp\/v2\/users\/2"}],"replies":[{"embeddable":true,"href":"https:\/\/waldkritik.de\/index.php?rest_route=%2Fwp%2Fv2%2Fcomments&post=3308"}],"version-history":[{"count":9,"href":"https:\/\/waldkritik.de\/index.php?rest_route=\/wp\/v2\/posts\/3308\/revisions"}],"predecessor-version":[{"id":3348,"href":"https:\/\/waldkritik.de\/index.php?rest_route=\/wp\/v2\/posts\/3308\/revisions\/3348"}],"wp:attachment":[{"href":"https:\/\/waldkritik.de\/index.php?rest_route=%2Fwp%2Fv2%2Fmedia&parent=3308"}],"wp:term":[{"taxonomy":"category","embeddable":true,"href":"https:\/\/waldkritik.de\/index.php?rest_route=%2Fwp%2Fv2%2Fcategories&post=3308"},{"taxonomy":"post_tag","embeddable":true,"href":"https:\/\/waldkritik.de\/index.php?rest_route=%2Fwp%2Fv2%2Ftags&post=3308"}],"curies":[{"name":"wp","href":"https:\/\/api.w.org\/{rel}","templated":true}]}}