{"id":332,"date":"2014-10-17T14:00:48","date_gmt":"2014-10-17T12:00:48","guid":{"rendered":"http:\/\/waldkritik.de\/?p=332"},"modified":"2014-10-29T14:04:27","modified_gmt":"2014-10-29T12:04:27","slug":"beschaedigung-von-wald-und-radwegen-im-schoenbuch-bei-der-holzernte","status":"publish","type":"post","link":"https:\/\/waldkritik.de\/?p=332","title":{"rendered":"Besch\u00e4digung von Wald- und Radwegen im Sch\u00f6nbuch bei der Holzernte"},"content":{"rendered":"<p>\u00dcber die Bodensch\u00e4den im Zusammenhang mit dem Einsatz schwerer Erntemaschinen bei der Holzernte wurde in den letzten Jahren in Wort und Bild viel berichtet. Beim Gang durch den Sch\u00f6nbuch gewinnt man den Eindruck, da\u00df diese Darstellungen bei den<br \/>\nVerantwortlichen einen gewissen Eindruck hinterlassen haben. Es ist zu beobachten, da\u00df nach aktuellen Erntema\u00dfnahmen in viel st\u00e4rkerem Umfang versucht wird , die Besch\u00e4digungen &#8220;unsichtbarer&#8221; zu machen. Es werden Sch\u00e4den in beachtlichem<br \/>\nUmfang durch Holzreste und \u00c4ste abgedeckt bzw. in zunehmendem Ma\u00dfe Steine in befahrene R\u00fcckegassen ausgebracht.<\/p>\n<p>Echte Verbesserungen sind mir aber bisher nicht begegnet.<\/p>\n<p>Aus aktuellem Anla\u00df m\u00f6chte ich heute auf einen bisher weniger im Mittelpunkt stehenden Punkt hinweisen. Jeder Waldbesucher trifft \u00fcberall nach Forstarbeiten auf sehr besch\u00e4digte Wege und Wegr\u00e4nder. Die Wege sind oft so verdreckt und aufgew\u00fchlt,<br \/>\nda\u00df sie kaum mehr begehbar und mit normalen Fahrr\u00e4dern nicht befahrbar sind. Optisch wird die Sch\u00f6nheit auf langen Strecken durch das maschinelle Bechneiden der Wegr\u00e4nder in Verbindung mit dem Liegenlassen des Schnitts stark beeintr\u00e4chtigt.<br \/>\nIn der N\u00e4he von Kurorten w\u00fcrde das automatisch zum Ausbleiben von Besuchern f\u00fchren.<br \/>\nEin aktueller Fall ist mir heute im Kirnbachtal auf dem Hohenzollern-Radweg begegnet. Obwohl offenbar die Erntema\u00dfnahmen abgeschlossen sind und deutlich erkennbar ist, da\u00df die gr\u00f6\u00dften Wegsch\u00e4den maschinell &#8220;abgehobelt&#8221; wurden, ist der Weg auf einer l\u00e4ngeren Strecke mit dem Rad nicht mehr befahrbar und zu Fu\u00df steckt man kn\u00f6cheltief im Dreck. Wenigstens bei einem so propagierten Fernradweg k\u00f6nnte man mehr Sorgfalt erwarten. Einem Privatmann w\u00fcrde man ein solches Ergebnis niemals durchgehen lassen.<\/p>\n<p>Gespr\u00e4che mit Waldbesuchern und Radfahrern best\u00e4tigen eindrucksvoll, da\u00df dies f\u00fcr fast alle ein wichtiges Thema ist und kaum Verst\u00e4ndnis findet.<\/p>\n<p>Rolf Benzinger<br \/>\nDipl.Kfm.<br \/>\n71093 Weil im Sch\u00f6nbuch<\/p>\n","protected":false},"excerpt":{"rendered":"<p>\u00dcber die Bodensch\u00e4den im Zusammenhang mit dem Einsatz schwerer Erntemaschinen bei der Holzernte wurde in den letzten Jahren in Wort und Bild viel berichtet. Beim Gang durch den Sch\u00f6nbuch gewinnt man den Eindruck, da\u00df diese Darstellungen bei den Verantwortlichen einen gewissen Eindruck hinterlassen haben. Es ist zu beobachten, da\u00df nach aktuellen Erntema\u00dfnahmen in viel st\u00e4rkerem &hellip; <a href=\"https:\/\/waldkritik.de\/?p=332\" class=\"more-link\"><span class=\"screen-reader-text\">Besch\u00e4digung von Wald- und Radwegen im Sch\u00f6nbuch bei der Holzernte<\/span> weiterlesen <span class=\"meta-nav\">&rarr;<\/span><\/a><\/p>\n","protected":false},"author":1,"featured_media":0,"comment_status":"open","ping_status":"closed","sticky":false,"template":"","format":"standard","meta":{"footnotes":""},"categories":[6,5],"tags":[],"class_list":["post-332","post","type-post","status-publish","format-standard","hentry","category-baden-wuerttemberg","category-schoenbuch"],"_links":{"self":[{"href":"https:\/\/waldkritik.de\/index.php?rest_route=\/wp\/v2\/posts\/332","targetHints":{"allow":["GET"]}}],"collection":[{"href":"https:\/\/waldkritik.de\/index.php?rest_route=\/wp\/v2\/posts"}],"about":[{"href":"https:\/\/waldkritik.de\/index.php?rest_route=\/wp\/v2\/types\/post"}],"author":[{"embeddable":true,"href":"https:\/\/waldkritik.de\/index.php?rest_route=\/wp\/v2\/users\/1"}],"replies":[{"embeddable":true,"href":"https:\/\/waldkritik.de\/index.php?rest_route=%2Fwp%2Fv2%2Fcomments&post=332"}],"version-history":[{"count":1,"href":"https:\/\/waldkritik.de\/index.php?rest_route=\/wp\/v2\/posts\/332\/revisions"}],"predecessor-version":[{"id":333,"href":"https:\/\/waldkritik.de\/index.php?rest_route=\/wp\/v2\/posts\/332\/revisions\/333"}],"wp:attachment":[{"href":"https:\/\/waldkritik.de\/index.php?rest_route=%2Fwp%2Fv2%2Fmedia&parent=332"}],"wp:term":[{"taxonomy":"category","embeddable":true,"href":"https:\/\/waldkritik.de\/index.php?rest_route=%2Fwp%2Fv2%2Fcategories&post=332"},{"taxonomy":"post_tag","embeddable":true,"href":"https:\/\/waldkritik.de\/index.php?rest_route=%2Fwp%2Fv2%2Ftags&post=332"}],"curies":[{"name":"wp","href":"https:\/\/api.w.org\/{rel}","templated":true}]}}