{"id":3340,"date":"2018-08-30T07:50:59","date_gmt":"2018-08-30T05:50:59","guid":{"rendered":"https:\/\/waldkritik.de\/?p=3340"},"modified":"2018-08-30T20:13:57","modified_gmt":"2018-08-30T18:13:57","slug":"viii-bleibt-natur-geduldig","status":"publish","type":"post","link":"https:\/\/waldkritik.de\/?p=3340","title":{"rendered":"VIII &#8211; BLEIBT NATUR GEDULDIG"},"content":{"rendered":"<p>wenn ForstBW Bodensch\u00e4den weitertreibt, vor unseren Augen verursacht und \u00f6ffentlich verharmlost?<\/p>\n<p><a href=\"https:\/\/waldkritik.de\/wp-content\/uploads\/2018\/08\/Holzernte-2013-2014-bei-Hohenentringen-Kopie.jpg\"><img loading=\"lazy\" decoding=\"async\" class=\"aligncenter size-full wp-image-3358\" src=\"https:\/\/waldkritik.de\/wp-content\/uploads\/2018\/08\/Holzernte-2013-2014-bei-Hohenentringen-Kopie.jpg\" alt=\"\" width=\"352\" height=\"500\" srcset=\"https:\/\/waldkritik.de\/wp-content\/uploads\/2018\/08\/Holzernte-2013-2014-bei-Hohenentringen-Kopie.jpg 352w, https:\/\/waldkritik.de\/wp-content\/uploads\/2018\/08\/Holzernte-2013-2014-bei-Hohenentringen-Kopie-211x300.jpg 211w\" sizes=\"auto, (max-width: 352px) 100vw, 352px\" \/><\/a><\/p>\n<p>GRAFIK: Harald Kunz<\/p>\n<p>PROF. J\u00d6RN ERLER:\u00a0 <a href=\"https:\/\/waldkritik.de\/wp-content\/uploads\/2018\/08\/Bodenbelastung-und-Bodensch\u00e4den-im-Wald-Teil-8.pdf\">Bodenbelastung und Bodensch\u00e4den im Wald &#8211; Teil 8<\/a><\/p>\n","protected":false},"excerpt":{"rendered":"<p>wenn ForstBW Bodensch\u00e4den weitertreibt, vor unseren Augen verursacht und \u00f6ffentlich verharmlost? GRAFIK: Harald Kunz PROF. J\u00d6RN ERLER:\u00a0 Bodenbelastung und Bodensch\u00e4den im Wald &#8211; Teil 8<\/p>\n","protected":false},"author":2,"featured_media":0,"comment_status":"open","ping_status":"closed","sticky":false,"template":"","format":"standard","meta":{"footnotes":""},"categories":[1],"tags":[],"class_list":["post-3340","post","type-post","status-publish","format-standard","hentry","category-der-wald"],"_links":{"self":[{"href":"https:\/\/waldkritik.de\/index.php?rest_route=\/wp\/v2\/posts\/3340","targetHints":{"allow":["GET"]}}],"collection":[{"href":"https:\/\/waldkritik.de\/index.php?rest_route=\/wp\/v2\/posts"}],"about":[{"href":"https:\/\/waldkritik.de\/index.php?rest_route=\/wp\/v2\/types\/post"}],"author":[{"embeddable":true,"href":"https:\/\/waldkritik.de\/index.php?rest_route=\/wp\/v2\/users\/2"}],"replies":[{"embeddable":true,"href":"https:\/\/waldkritik.de\/index.php?rest_route=%2Fwp%2Fv2%2Fcomments&post=3340"}],"version-history":[{"count":6,"href":"https:\/\/waldkritik.de\/index.php?rest_route=\/wp\/v2\/posts\/3340\/revisions"}],"predecessor-version":[{"id":3361,"href":"https:\/\/waldkritik.de\/index.php?rest_route=\/wp\/v2\/posts\/3340\/revisions\/3361"}],"wp:attachment":[{"href":"https:\/\/waldkritik.de\/index.php?rest_route=%2Fwp%2Fv2%2Fmedia&parent=3340"}],"wp:term":[{"taxonomy":"category","embeddable":true,"href":"https:\/\/waldkritik.de\/index.php?rest_route=%2Fwp%2Fv2%2Fcategories&post=3340"},{"taxonomy":"post_tag","embeddable":true,"href":"https:\/\/waldkritik.de\/index.php?rest_route=%2Fwp%2Fv2%2Ftags&post=3340"}],"curies":[{"name":"wp","href":"https:\/\/api.w.org\/{rel}","templated":true}]}}