{"id":3387,"date":"2018-09-13T13:38:07","date_gmt":"2018-09-13T11:38:07","guid":{"rendered":"https:\/\/waldkritik.de\/?p=3387"},"modified":"2018-09-13T13:38:07","modified_gmt":"2018-09-13T11:38:07","slug":"x-ganz-sicher-wird-natur-hier-nicht-geduldig-bleiben","status":"publish","type":"post","link":"https:\/\/waldkritik.de\/?p=3387","title":{"rendered":"X &#8211; GANZ SICHER WIRD NATUR HIER NICHT GEDULDIG BLEIBEN"},"content":{"rendered":"<p>und wir alle werden ungewollt und gezwungen die Folgen tragen m\u00fcssen&#8230;<\/p>\n<p>PROF. J\u00d6RN ERLER: <a href=\"https:\/\/waldkritik.de\/wp-content\/uploads\/2018\/09\/Bodenbelastung-und-Bodensch\u00e4den-im-Wald-Teil-10.pdf\">Bodenbelastung und Bodensch\u00e4den im Wald &#8211; Teil 10<\/a><\/p>\n","protected":false},"excerpt":{"rendered":"<p>und wir alle werden ungewollt und gezwungen die Folgen tragen m\u00fcssen&#8230; PROF. J\u00d6RN ERLER: Bodenbelastung und Bodensch\u00e4den im Wald &#8211; Teil 10<\/p>\n","protected":false},"author":2,"featured_media":0,"comment_status":"open","ping_status":"closed","sticky":false,"template":"","format":"standard","meta":{"footnotes":""},"categories":[1],"tags":[],"class_list":["post-3387","post","type-post","status-publish","format-standard","hentry","category-der-wald"],"_links":{"self":[{"href":"https:\/\/waldkritik.de\/index.php?rest_route=\/wp\/v2\/posts\/3387","targetHints":{"allow":["GET"]}}],"collection":[{"href":"https:\/\/waldkritik.de\/index.php?rest_route=\/wp\/v2\/posts"}],"about":[{"href":"https:\/\/waldkritik.de\/index.php?rest_route=\/wp\/v2\/types\/post"}],"author":[{"embeddable":true,"href":"https:\/\/waldkritik.de\/index.php?rest_route=\/wp\/v2\/users\/2"}],"replies":[{"embeddable":true,"href":"https:\/\/waldkritik.de\/index.php?rest_route=%2Fwp%2Fv2%2Fcomments&post=3387"}],"version-history":[{"count":6,"href":"https:\/\/waldkritik.de\/index.php?rest_route=\/wp\/v2\/posts\/3387\/revisions"}],"predecessor-version":[{"id":3398,"href":"https:\/\/waldkritik.de\/index.php?rest_route=\/wp\/v2\/posts\/3387\/revisions\/3398"}],"wp:attachment":[{"href":"https:\/\/waldkritik.de\/index.php?rest_route=%2Fwp%2Fv2%2Fmedia&parent=3387"}],"wp:term":[{"taxonomy":"category","embeddable":true,"href":"https:\/\/waldkritik.de\/index.php?rest_route=%2Fwp%2Fv2%2Fcategories&post=3387"},{"taxonomy":"post_tag","embeddable":true,"href":"https:\/\/waldkritik.de\/index.php?rest_route=%2Fwp%2Fv2%2Ftags&post=3387"}],"curies":[{"name":"wp","href":"https:\/\/api.w.org\/{rel}","templated":true}]}}