{"id":3404,"date":"2018-09-15T09:51:45","date_gmt":"2018-09-15T07:51:45","guid":{"rendered":"https:\/\/waldkritik.de\/?p=3404"},"modified":"2018-10-07T19:33:40","modified_gmt":"2018-10-07T17:33:40","slug":"hambacher-wald","status":"publish","type":"post","link":"https:\/\/waldkritik.de\/?p=3404","title":{"rendered":"HAMBACHER WALD"},"content":{"rendered":"<p>WALDKRITIK teilt das Anliegen das bedrohte Waldgebiet zu bewahren.<\/p>\n<p>=&gt;\u00a0<a href=\"http:\/\/www.sonnenseite.com\/de\/franz-alt\/kommentare-interviews\/rwe-zerstoert-heimat-und-verspielt-vertrauen.html\">http:\/\/www.sonnenseite.com\/de\/franz-alt\/kommentare-interviews\/rwe-zerstoert-heimat-und-verspielt-vertrauen.html<\/a><\/p>\n<p>und<\/p>\n<p>Die H\u00e4lfte der deutschen Braunkohlekraftwerke k\u00f6nnte man sofort abschalten, ohne dass auch nur ein Elektron an Strom f\u00fcr die deutsche Versorgung fehle, so Professor Bruno Burger vom Fraunhofer Institut ISE in Freiburg &#8230; Stefan Hajek, Wirtschaftswoche vom 22.9.2018<\/p>\n","protected":false},"excerpt":{"rendered":"<p>WALDKRITIK teilt das Anliegen das bedrohte Waldgebiet zu bewahren. =&gt;\u00a0http:\/\/www.sonnenseite.com\/de\/franz-alt\/kommentare-interviews\/rwe-zerstoert-heimat-und-verspielt-vertrauen.html und Die H\u00e4lfte der deutschen Braunkohlekraftwerke k\u00f6nnte man sofort abschalten, ohne dass auch nur ein Elektron an Strom f\u00fcr die deutsche Versorgung fehle, so Professor Bruno Burger vom Fraunhofer Institut ISE in Freiburg &#8230; Stefan Hajek, Wirtschaftswoche vom 22.9.2018<\/p>\n","protected":false},"author":2,"featured_media":0,"comment_status":"open","ping_status":"closed","sticky":false,"template":"","format":"standard","meta":{"footnotes":""},"categories":[1],"tags":[],"class_list":["post-3404","post","type-post","status-publish","format-standard","hentry","category-der-wald"],"_links":{"self":[{"href":"https:\/\/waldkritik.de\/index.php?rest_route=\/wp\/v2\/posts\/3404","targetHints":{"allow":["GET"]}}],"collection":[{"href":"https:\/\/waldkritik.de\/index.php?rest_route=\/wp\/v2\/posts"}],"about":[{"href":"https:\/\/waldkritik.de\/index.php?rest_route=\/wp\/v2\/types\/post"}],"author":[{"embeddable":true,"href":"https:\/\/waldkritik.de\/index.php?rest_route=\/wp\/v2\/users\/2"}],"replies":[{"embeddable":true,"href":"https:\/\/waldkritik.de\/index.php?rest_route=%2Fwp%2Fv2%2Fcomments&post=3404"}],"version-history":[{"count":6,"href":"https:\/\/waldkritik.de\/index.php?rest_route=\/wp\/v2\/posts\/3404\/revisions"}],"predecessor-version":[{"id":3419,"href":"https:\/\/waldkritik.de\/index.php?rest_route=\/wp\/v2\/posts\/3404\/revisions\/3419"}],"wp:attachment":[{"href":"https:\/\/waldkritik.de\/index.php?rest_route=%2Fwp%2Fv2%2Fmedia&parent=3404"}],"wp:term":[{"taxonomy":"category","embeddable":true,"href":"https:\/\/waldkritik.de\/index.php?rest_route=%2Fwp%2Fv2%2Fcategories&post=3404"},{"taxonomy":"post_tag","embeddable":true,"href":"https:\/\/waldkritik.de\/index.php?rest_route=%2Fwp%2Fv2%2Ftags&post=3404"}],"curies":[{"name":"wp","href":"https:\/\/api.w.org\/{rel}","templated":true}]}}