{"id":343,"date":"2014-11-03T21:59:55","date_gmt":"2014-11-03T19:59:55","guid":{"rendered":"http:\/\/waldkritik.de\/?p=343"},"modified":"2014-11-03T22:13:40","modified_gmt":"2014-11-03T20:13:40","slug":"holzeinschlag-im-schoenbuch-in-der-saison-20142015","status":"publish","type":"post","link":"https:\/\/waldkritik.de\/?p=343","title":{"rendered":"Holzeinschlag im Sch\u00f6nbuch in der Saison 2014\/2015"},"content":{"rendered":"<p style=\"text-align: justify;\">Liebe Freunde der Initiative &#8220;Waldkritik&#8221;, auf <strong>Forst BW<\/strong> wurde jetzt im Nachgang zur zweiten Gespr\u00e4chsrunde, wir berichteten, die entsprechende Karte vom Sch\u00f6nbuch f\u00fcr die Holzernte-Saison 2014\/2015 eingestellt.<\/p>\n<p style=\"text-align: justify;\"><a title=\"Sch\u00f6nbuch Karte  2014\/2015 Forst B\/W\" href=\"https:\/\/waldkritik.de\/wp-content\/uploads\/2014\/11\/Karte_NP_Schoenbuch_Forstliche_Nutzung_Winter-SW-OPT.pdf\" target=\"_blank\"><span style=\"color: #0000ff;\"><strong>Hier k\u00f6nnen Sie die Karte ohne Umwege direkt anklicken!<\/strong><\/span><\/a><\/p>\n<p style=\"text-align: justify;\">Dar\u00fcber hinaus hat Forst BW auf seiner Internet-Seite folgenden Text unter der \u00dcberschrift &#8220;Wir arbeiten auch im Untergrund!&#8221; ver\u00f6ffentlicht:<\/p>\n<p style=\"text-align: justify;\">&#8220;Mit dem Begriff \u201aWald\u2018 assoziieren die meisten Menschen B\u00e4ume, also den oberirdischen \u2013 sichtbaren \u2013 Teil des Waldes. Doch Wald ist viel mehr, denn im \u201aUntergrund\u2018 laufen unz\u00e4hlige Prozesse ab, die den sichtbaren Teil des Waldes in seiner Form entstehen lassen und erhalten. Diese Funktionen in Boden und Wasser zu sch\u00fctzen ist Teil unserer Aufgabe und begleitet uns bei der Bewirtschaftung der W\u00e4lder.<\/p>\n<p style=\"text-align: justify;\">Moderne Forstmaschinen erlauben eine wirtschaftliche Holzernte, stellen durch ihr Gewicht aber gleichzeitig eine Gefahr f\u00fcr den Boden dar, auf dem sie arbeiten. Bereits eine einmalige Befahrung kann das Bodengef\u00fcge irreversibel zerst\u00f6ren und die Leistungsf\u00e4higkeit des Bodens zunichte machen.<\/p>\n<p style=\"text-align: justify;\">Aus diesem Grund setzte bereits die fr\u00fchere Landesforstverwaltung Baden-W\u00fcrttemberg auf eine sogenannte \u201aFeinerschlie\u00dfungsrichtlinie\u2018, die eine Befahrung von Waldbest\u00e4nden genau regelt. Ein Teil der Bodenfunktionen bezieht sich auf die Regulierung und das Filtern von Oberfl\u00e4chenwasser. Bei der Bewirtschaftung der W\u00e4lder werden weder Oberfl\u00e4chen- noch Grundwasser mit gef\u00e4hrdenden Substanzen belastet, der Einsatz \u00f6kologisch vertr\u00e4glicher Betriebsmittel ist f\u00fcr uns selbstverst\u00e4ndlich.<\/p>\n<p style=\"text-align: justify;\">Im Rahmen der naturnahen Waldwirtschaft sorgen wir von ForstBW f\u00fcr einen umfassenden Erhalt und Schutz des Bodens, damit auch folgende Generationen von den Leistungen profitieren k\u00f6nnen.&#8221;<\/p>\n<p style=\"text-align: justify;\">Unser Kommentar: Wenn dem so ist, wie der Forst BW schreibt und woran wir keinen Zweifel haben, da\u00df <span style=\"color: #ff0000;\">&#8220;<em><strong>bereits eine einmalige Befahrung &#8230; das Bodengef\u00fcge irreversibel zerst\u00f6ren und die Leistungsf\u00e4higkeit des Bodens zunichte machen<\/strong><\/em>&#8220;<\/span> (heruntergeladen am 3.11.2014\/21.00 Uhr) kann, dann sollte man den Forst BW an dieser klaren Aussage auch messen k\u00f6nnen!<\/p>\n","protected":false},"excerpt":{"rendered":"<p>Liebe Freunde der Initiative &#8220;Waldkritik&#8221;, auf Forst BW wurde jetzt im Nachgang zur zweiten Gespr\u00e4chsrunde, wir berichteten, die entsprechende Karte vom Sch\u00f6nbuch f\u00fcr die Holzernte-Saison 2014\/2015 eingestellt. Hier k\u00f6nnen Sie die Karte ohne Umwege direkt anklicken! Dar\u00fcber hinaus hat Forst BW auf seiner Internet-Seite folgenden Text unter der \u00dcberschrift &#8220;Wir arbeiten auch im Untergrund!&#8221; ver\u00f6ffentlicht: &hellip; <a href=\"https:\/\/waldkritik.de\/?p=343\" class=\"more-link\"><span class=\"screen-reader-text\">Holzeinschlag im Sch\u00f6nbuch in der Saison 2014\/2015<\/span> weiterlesen <span class=\"meta-nav\">&rarr;<\/span><\/a><\/p>\n","protected":false},"author":1,"featured_media":0,"comment_status":"open","ping_status":"closed","sticky":false,"template":"","format":"standard","meta":{"footnotes":""},"categories":[5],"tags":[],"class_list":["post-343","post","type-post","status-publish","format-standard","hentry","category-schoenbuch"],"_links":{"self":[{"href":"https:\/\/waldkritik.de\/index.php?rest_route=\/wp\/v2\/posts\/343","targetHints":{"allow":["GET"]}}],"collection":[{"href":"https:\/\/waldkritik.de\/index.php?rest_route=\/wp\/v2\/posts"}],"about":[{"href":"https:\/\/waldkritik.de\/index.php?rest_route=\/wp\/v2\/types\/post"}],"author":[{"embeddable":true,"href":"https:\/\/waldkritik.de\/index.php?rest_route=\/wp\/v2\/users\/1"}],"replies":[{"embeddable":true,"href":"https:\/\/waldkritik.de\/index.php?rest_route=%2Fwp%2Fv2%2Fcomments&post=343"}],"version-history":[{"count":5,"href":"https:\/\/waldkritik.de\/index.php?rest_route=\/wp\/v2\/posts\/343\/revisions"}],"predecessor-version":[{"id":349,"href":"https:\/\/waldkritik.de\/index.php?rest_route=\/wp\/v2\/posts\/343\/revisions\/349"}],"wp:attachment":[{"href":"https:\/\/waldkritik.de\/index.php?rest_route=%2Fwp%2Fv2%2Fmedia&parent=343"}],"wp:term":[{"taxonomy":"category","embeddable":true,"href":"https:\/\/waldkritik.de\/index.php?rest_route=%2Fwp%2Fv2%2Fcategories&post=343"},{"taxonomy":"post_tag","embeddable":true,"href":"https:\/\/waldkritik.de\/index.php?rest_route=%2Fwp%2Fv2%2Ftags&post=343"}],"curies":[{"name":"wp","href":"https:\/\/api.w.org\/{rel}","templated":true}]}}