{"id":3442,"date":"2018-10-04T06:27:26","date_gmt":"2018-10-04T04:27:26","guid":{"rendered":"https:\/\/waldkritik.de\/?p=3442"},"modified":"2018-11-10T20:50:28","modified_gmt":"2018-11-10T18:50:28","slug":"ergebnisse-der-waldbodenzustandserhebungen-im-wald","status":"publish","type":"post","link":"https:\/\/waldkritik.de\/?p=3442","title":{"rendered":"ERGEBNISSE DER WALDBODEN-ZUSTANDSERHEBUNGEN IN BADEN-W\u00dcRTTEMBERG"},"content":{"rendered":"<p>&#8230;&#8221; der Status Quo der im Zuge der BZE erfassten Verformungssch\u00e4den ist sowohl im Hinblick auf die lntensit\u00e4t wie auch das r\u00e4umliche Verbreitungsmuster alarmierend&#8221;.<\/p>\n<p>=&gt; <a href=\"https:\/\/waldkritik.de\/wp-content\/uploads\/2018\/10\/2016-FVA-Ergebnisse-BZE-1989-2008-Befahrung.pdf\">2016 FVA Ergebnisse BZE 1989-2008 Befahrung<\/a><a href=\"https:\/\/waldkritik.de\/wp-content\/uploads\/2018\/10\/BodenSch\u00e4den.jpg\"><img loading=\"lazy\" decoding=\"async\" class=\"aligncenter size-full wp-image-3473\" src=\"https:\/\/waldkritik.de\/wp-content\/uploads\/2018\/10\/BodenSch\u00e4den.jpg\" alt=\"\" width=\"100\" height=\"98\" \/>\u00a0\u00a0\u00a0\u00a0\u00a0\u00a0\u00a0\u00a0\u00a0\u00a0\u00a0\u00a0\u00a0\u00a0\u00a0\u00a0\u00a0\u00a0\u00a0\u00a0\u00a0\u00a0\u00a0\u00a0\u00a0\u00a0\u00a0\u00a0\u00a0 <\/a><em><span style=\"color: #ff0000;\">Forst BW zerst\u00f6rt <span style=\"color: #008000;\">WaldB\u00f6den<\/span>!<\/span> <\/em><\/p>\n","protected":false},"excerpt":{"rendered":"<p>&#8230;&#8221; der Status Quo der im Zuge der BZE erfassten Verformungssch\u00e4den ist sowohl im Hinblick auf die lntensit\u00e4t wie auch das r\u00e4umliche Verbreitungsmuster alarmierend&#8221;. =&gt; 2016 FVA Ergebnisse BZE 1989-2008 Befahrung\u00a0\u00a0\u00a0\u00a0\u00a0\u00a0\u00a0\u00a0\u00a0\u00a0\u00a0\u00a0\u00a0\u00a0\u00a0\u00a0\u00a0\u00a0\u00a0\u00a0\u00a0\u00a0\u00a0\u00a0\u00a0\u00a0\u00a0\u00a0\u00a0 Forst BW zerst\u00f6rt WaldB\u00f6den!<\/p>\n","protected":false},"author":2,"featured_media":0,"comment_status":"open","ping_status":"closed","sticky":false,"template":"","format":"standard","meta":{"footnotes":""},"categories":[1],"tags":[],"class_list":["post-3442","post","type-post","status-publish","format-standard","hentry","category-der-wald"],"_links":{"self":[{"href":"https:\/\/waldkritik.de\/index.php?rest_route=\/wp\/v2\/posts\/3442","targetHints":{"allow":["GET"]}}],"collection":[{"href":"https:\/\/waldkritik.de\/index.php?rest_route=\/wp\/v2\/posts"}],"about":[{"href":"https:\/\/waldkritik.de\/index.php?rest_route=\/wp\/v2\/types\/post"}],"author":[{"embeddable":true,"href":"https:\/\/waldkritik.de\/index.php?rest_route=\/wp\/v2\/users\/2"}],"replies":[{"embeddable":true,"href":"https:\/\/waldkritik.de\/index.php?rest_route=%2Fwp%2Fv2%2Fcomments&post=3442"}],"version-history":[{"count":19,"href":"https:\/\/waldkritik.de\/index.php?rest_route=\/wp\/v2\/posts\/3442\/revisions"}],"predecessor-version":[{"id":3656,"href":"https:\/\/waldkritik.de\/index.php?rest_route=\/wp\/v2\/posts\/3442\/revisions\/3656"}],"wp:attachment":[{"href":"https:\/\/waldkritik.de\/index.php?rest_route=%2Fwp%2Fv2%2Fmedia&parent=3442"}],"wp:term":[{"taxonomy":"category","embeddable":true,"href":"https:\/\/waldkritik.de\/index.php?rest_route=%2Fwp%2Fv2%2Fcategories&post=3442"},{"taxonomy":"post_tag","embeddable":true,"href":"https:\/\/waldkritik.de\/index.php?rest_route=%2Fwp%2Fv2%2Ftags&post=3442"}],"curies":[{"name":"wp","href":"https:\/\/api.w.org\/{rel}","templated":true}]}}