{"id":368,"date":"2014-11-11T00:49:33","date_gmt":"2014-11-10T22:49:33","guid":{"rendered":"http:\/\/waldkritik.de\/?p=368"},"modified":"2014-11-11T21:11:59","modified_gmt":"2014-11-11T19:11:59","slug":"die-letzte-bundeswaldinventur","status":"publish","type":"post","link":"https:\/\/waldkritik.de\/?p=368","title":{"rendered":"Satirisches zur 3. Bundeswaldinventur"},"content":{"rendered":"<p style=\"text-align: justify;\">Liebe Freunde der Initiative &#8220;Waldkritik&#8221;,<\/p>\n<p style=\"text-align: justify;\">heute hat uns von einer regelm\u00e4\u00dfigen Leserin unserer Seite der nachfolgende Hinweis erreicht, den wir ihnen auf keinen Fall vorenthalten m\u00f6chten. Wir w\u00fcnschen allen jede Menge Stirnrunzeln bei solchen Berichten!<\/p>\n<p style=\"text-align: justify;\"><strong>5 Minuten von \u201eQuer\u201c \u00fcber die Bundeswaldinventur\u00a0 =&gt;<\/strong>\u00a0 <a title=\"Bundeswaldinventur bei QUER\" href=\"http:\/\/www.br.de\/mediathek\/video\/sendungen\/quer\/141106-quer-wald-102.html\" target=\"_blank\"><strong>HIER KLICKEN!<\/strong><\/a><\/p>\n<p style=\"text-align: justify;\">Ganz besonders sch\u00f6n ist der Beitrag von\u00a0Philipp Freiherr zu Guttenberg, dem Pr\u00e4sident der Arbeitsgemeinschaft deutscher Waldbesitzerverb\u00e4nde e.V (\u00fcbrigens ist er der kleine Bruder unseres hei\u00df geliebten, ehemaligen Bundesministers der Verteidigung, Karl-Theodor zu Guttenberg). Was Philipp Freiherr zu Guttenberg besonders auszeichnet, ist sein gro\u00dfer Sachverstand und seine immerw\u00e4hrende Sachlichkeit.<\/p>\n<p style=\"text-align: justify;\"><strong>Aber lesen Sie selbst\u00a0 =&gt;<\/strong>\u00a0 <a title=\"Sorry greenpeace\" href=\"http:\/\/www.achgut.com\/dadgdx\/index.php\/dadgd\/article\/sorry_greenpeace_dem_wald_gehts_super\" target=\"_blank\"><strong>HIER KLICKEN!<\/strong><\/a><\/p>\n<p style=\"text-align: justify;\"><em>Res\u00fcmee des ADWG:<br \/>\n<\/em>&#8220;Umweltverb\u00e4nde wie Greenpeace oder der \u201cBund f\u00fcr Umwelt und Naturschutz Deutschland\u201d (BUND) hatten in der Vergangenheit wiederholt die multifunktionale und nachhaltige Forstwirtschaft angegriffen und kritisiert, dass diese angeblich naturschutzfachliche Ziele deutlich verfehlen w\u00fcrde. Von \u201c\u00fcbernutzten\u201d, \u201cschrumpfenden\u201d oder \u201ckranken\u201d W\u00e4ldern war dabei die Rede. Die Resultate der Bundeswaldinventur belegen, dass diese Kritik an der Realit\u00e4t vorbeigeht und auch keine Argumente liefert, um weitere W\u00e4lder zugunsten eines Totalnaturschutzes verkommen zu lassen.&#8221;<\/p>\n<p style=\"text-align: justify;\">Zu Guttenberg sieht voraus: \u201cDie Natur- und Umweltschutzverb\u00e4nde sollten sich neue Felder und Feindbilder suchen. Der fundierte, objektive und unabh\u00e4ngige Zensus hat mit seinen wissenschaftlichen Fakten ihre Kritik entzaubert und gezeigt was sie wirklich ist: ideologisch durchtr\u00e4nkte Illusion und ein Mittel, um Spender und Mitglieder zu gewinnen. Die Aussagen der Bundeswaldinventur best\u00e4rken uns Waldbesitzer, den eingeschlagenen Weg weiter zu gehen, weil er objektiv der richtige ist.\u201d<\/p>\n","protected":false},"excerpt":{"rendered":"<p>Liebe Freunde der Initiative &#8220;Waldkritik&#8221;, heute hat uns von einer regelm\u00e4\u00dfigen Leserin unserer Seite der nachfolgende Hinweis erreicht, den wir ihnen auf keinen Fall vorenthalten m\u00f6chten. Wir w\u00fcnschen allen jede Menge Stirnrunzeln bei solchen Berichten! 5 Minuten von \u201eQuer\u201c \u00fcber die Bundeswaldinventur\u00a0 =&gt;\u00a0 HIER KLICKEN! Ganz besonders sch\u00f6n ist der Beitrag von\u00a0Philipp Freiherr zu Guttenberg, &hellip; <a href=\"https:\/\/waldkritik.de\/?p=368\" class=\"more-link\"><span class=\"screen-reader-text\">Satirisches zur 3. Bundeswaldinventur<\/span> weiterlesen <span class=\"meta-nav\">&rarr;<\/span><\/a><\/p>\n","protected":false},"author":1,"featured_media":0,"comment_status":"open","ping_status":"closed","sticky":false,"template":"","format":"standard","meta":{"footnotes":""},"categories":[52,7,1],"tags":[],"class_list":["post-368","post","type-post","status-publish","format-standard","hentry","category-allgemeine-waldthemen","category-bayern","category-der-wald"],"_links":{"self":[{"href":"https:\/\/waldkritik.de\/index.php?rest_route=\/wp\/v2\/posts\/368","targetHints":{"allow":["GET"]}}],"collection":[{"href":"https:\/\/waldkritik.de\/index.php?rest_route=\/wp\/v2\/posts"}],"about":[{"href":"https:\/\/waldkritik.de\/index.php?rest_route=\/wp\/v2\/types\/post"}],"author":[{"embeddable":true,"href":"https:\/\/waldkritik.de\/index.php?rest_route=\/wp\/v2\/users\/1"}],"replies":[{"embeddable":true,"href":"https:\/\/waldkritik.de\/index.php?rest_route=%2Fwp%2Fv2%2Fcomments&post=368"}],"version-history":[{"count":5,"href":"https:\/\/waldkritik.de\/index.php?rest_route=\/wp\/v2\/posts\/368\/revisions"}],"predecessor-version":[{"id":373,"href":"https:\/\/waldkritik.de\/index.php?rest_route=\/wp\/v2\/posts\/368\/revisions\/373"}],"wp:attachment":[{"href":"https:\/\/waldkritik.de\/index.php?rest_route=%2Fwp%2Fv2%2Fmedia&parent=368"}],"wp:term":[{"taxonomy":"category","embeddable":true,"href":"https:\/\/waldkritik.de\/index.php?rest_route=%2Fwp%2Fv2%2Fcategories&post=368"},{"taxonomy":"post_tag","embeddable":true,"href":"https:\/\/waldkritik.de\/index.php?rest_route=%2Fwp%2Fv2%2Ftags&post=368"}],"curies":[{"name":"wp","href":"https:\/\/api.w.org\/{rel}","templated":true}]}}