{"id":3726,"date":"2018-12-08T14:13:25","date_gmt":"2018-12-08T12:13:25","guid":{"rendered":"https:\/\/waldkritik.de\/?p=3726"},"modified":"2019-11-08T21:09:54","modified_gmt":"2019-11-08T19:09:54","slug":"schoenbuchturm-359-aussicht7","status":"publish","type":"post","link":"https:\/\/waldkritik.de\/?p=3726","title":{"rendered":"SCH\u00d6NBUCHTURM-359\u00b0 AUSSICHT (7)"},"content":{"rendered":"<p><em><strong>WALDBAU IN DER ZUKUNFT<\/strong><\/em><\/p>\n<p>EBERHARD FREIHERR VON GEMMINGEN-HORNBERG<\/p>\n<p>&#8220;Ich sehe in jedem Wald, auch in meinem, nicht nur eine Holzproduk-tionsst\u00e4tte, ich sehe im Wald ein \u00d6kosystem. Ein \u00d6kosystem, das ich nur vor\u00fcbergehend verwalte und, wenn ich gut sein will, in einem verbesserten Zustand an die n\u00e4chste Generation weitergeben&#8221;.<\/p>\n<p><a href=\"https:\/\/umwelt-watchblog.de\/waldbau-in-der-zukunft\/\">https:\/\/umwelt-watchblog.de\/waldbau-in-der-zukunft\/<\/a><\/p>\n","protected":false},"excerpt":{"rendered":"<p>WALDBAU IN DER ZUKUNFT EBERHARD FREIHERR VON GEMMINGEN-HORNBERG &#8220;Ich sehe in jedem Wald, auch in meinem, nicht nur eine Holzproduk-tionsst\u00e4tte, ich sehe im Wald ein \u00d6kosystem. Ein \u00d6kosystem, das ich nur vor\u00fcbergehend verwalte und, wenn ich gut sein will, in einem verbesserten Zustand an die n\u00e4chste Generation weitergeben&#8221;. https:\/\/umwelt-watchblog.de\/waldbau-in-der-zukunft\/<\/p>\n","protected":false},"author":2,"featured_media":0,"comment_status":"open","ping_status":"closed","sticky":false,"template":"","format":"standard","meta":{"footnotes":""},"categories":[1],"tags":[],"class_list":["post-3726","post","type-post","status-publish","format-standard","hentry","category-der-wald"],"_links":{"self":[{"href":"https:\/\/waldkritik.de\/index.php?rest_route=\/wp\/v2\/posts\/3726","targetHints":{"allow":["GET"]}}],"collection":[{"href":"https:\/\/waldkritik.de\/index.php?rest_route=\/wp\/v2\/posts"}],"about":[{"href":"https:\/\/waldkritik.de\/index.php?rest_route=\/wp\/v2\/types\/post"}],"author":[{"embeddable":true,"href":"https:\/\/waldkritik.de\/index.php?rest_route=\/wp\/v2\/users\/2"}],"replies":[{"embeddable":true,"href":"https:\/\/waldkritik.de\/index.php?rest_route=%2Fwp%2Fv2%2Fcomments&post=3726"}],"version-history":[{"count":10,"href":"https:\/\/waldkritik.de\/index.php?rest_route=\/wp\/v2\/posts\/3726\/revisions"}],"predecessor-version":[{"id":4415,"href":"https:\/\/waldkritik.de\/index.php?rest_route=\/wp\/v2\/posts\/3726\/revisions\/4415"}],"wp:attachment":[{"href":"https:\/\/waldkritik.de\/index.php?rest_route=%2Fwp%2Fv2%2Fmedia&parent=3726"}],"wp:term":[{"taxonomy":"category","embeddable":true,"href":"https:\/\/waldkritik.de\/index.php?rest_route=%2Fwp%2Fv2%2Fcategories&post=3726"},{"taxonomy":"post_tag","embeddable":true,"href":"https:\/\/waldkritik.de\/index.php?rest_route=%2Fwp%2Fv2%2Ftags&post=3726"}],"curies":[{"name":"wp","href":"https:\/\/api.w.org\/{rel}","templated":true}]}}