{"id":3742,"date":"2018-12-15T10:21:53","date_gmt":"2018-12-15T08:21:53","guid":{"rendered":"https:\/\/waldkritik.de\/?p=3742"},"modified":"2019-11-08T21:05:52","modified_gmt":"2019-11-08T19:05:52","slug":"schoenbuchturm-359-aussicht-9","status":"publish","type":"post","link":"https:\/\/waldkritik.de\/?p=3742","title":{"rendered":"SCH\u00dcTZT DEN SCH\u00d6NBUCH!"},"content":{"rendered":"<div>GR\u00dcNE- Fraktionsbeschluss Strategiepapier BODEN vom 27.11.2018;<em><strong> Dr. Murschel<\/strong><\/em> (=&gt; <a href=\"https:\/\/waldkritik.de\/wp-content\/uploads\/2018\/12\/Fraktionsbeschluss_Bodenschutz.pdf\">Fraktionsbeschluss_Bodenschutz<\/a><\/div>\n<div><\/div>\n<div>STELLUNGNAHME WALDKRITIK(=&gt; <a href=\"https:\/\/waldkritik.de\/wp-content\/uploads\/2018\/12\/Waldkritik-zum-Fraktionsbeschluss.pdf\">Waldkritik zum Fraktionsbeschluss<\/a><\/div>\n","protected":false},"excerpt":{"rendered":"<p>GR\u00dcNE- Fraktionsbeschluss Strategiepapier BODEN vom 27.11.2018; Dr. Murschel (=&gt; Fraktionsbeschluss_Bodenschutz STELLUNGNAHME WALDKRITIK(=&gt; Waldkritik zum Fraktionsbeschluss<\/p>\n","protected":false},"author":2,"featured_media":0,"comment_status":"open","ping_status":"closed","sticky":false,"template":"","format":"standard","meta":{"footnotes":""},"categories":[1],"tags":[],"class_list":["post-3742","post","type-post","status-publish","format-standard","hentry","category-der-wald"],"_links":{"self":[{"href":"https:\/\/waldkritik.de\/index.php?rest_route=\/wp\/v2\/posts\/3742","targetHints":{"allow":["GET"]}}],"collection":[{"href":"https:\/\/waldkritik.de\/index.php?rest_route=\/wp\/v2\/posts"}],"about":[{"href":"https:\/\/waldkritik.de\/index.php?rest_route=\/wp\/v2\/types\/post"}],"author":[{"embeddable":true,"href":"https:\/\/waldkritik.de\/index.php?rest_route=\/wp\/v2\/users\/2"}],"replies":[{"embeddable":true,"href":"https:\/\/waldkritik.de\/index.php?rest_route=%2Fwp%2Fv2%2Fcomments&post=3742"}],"version-history":[{"count":5,"href":"https:\/\/waldkritik.de\/index.php?rest_route=\/wp\/v2\/posts\/3742\/revisions"}],"predecessor-version":[{"id":4412,"href":"https:\/\/waldkritik.de\/index.php?rest_route=\/wp\/v2\/posts\/3742\/revisions\/4412"}],"wp:attachment":[{"href":"https:\/\/waldkritik.de\/index.php?rest_route=%2Fwp%2Fv2%2Fmedia&parent=3742"}],"wp:term":[{"taxonomy":"category","embeddable":true,"href":"https:\/\/waldkritik.de\/index.php?rest_route=%2Fwp%2Fv2%2Fcategories&post=3742"},{"taxonomy":"post_tag","embeddable":true,"href":"https:\/\/waldkritik.de\/index.php?rest_route=%2Fwp%2Fv2%2Ftags&post=3742"}],"curies":[{"name":"wp","href":"https:\/\/api.w.org\/{rel}","templated":true}]}}