{"id":3862,"date":"2019-02-05T16:03:34","date_gmt":"2019-02-05T14:03:34","guid":{"rendered":"https:\/\/waldkritik.de\/?p=3862"},"modified":"2019-11-08T21:03:22","modified_gmt":"2019-11-08T19:03:22","slug":"prof-schaeffer-und-foerster-ruff-zu-spurschaeden-am-maerchensee","status":"publish","type":"post","link":"https:\/\/waldkritik.de\/?p=3862","title":{"rendered":"PROF. SCH\u00c4FFER UND F\u00d6RSTER RUFF ZU SPURSCH\u00c4DEN AM M\u00c4RCHENSEE"},"content":{"rendered":"<p>ROTTENBURGER POST, 1. 2. 2019,\u00a0 <em><strong>Michael Hahn<\/strong><\/em>:\u00a0 (=&gt;<span style=\"color: #ff0000;\"><a style=\"color: #ff0000;\" href=\"https:\/\/waldkritik.de\/wp-content\/uploads\/2019\/02\/Tiefe-Furchen-im-Waldboden.pdf\"><span style=\"color: #000000;\">T<\/span><\/a><\/span><span style=\"color: #000000;\"><a style=\"color: #000000;\" href=\"https:\/\/waldkritik.de\/wp-content\/uploads\/2019\/02\/Tiefe-Furchen-im-Waldboden.pdf\">iefe Furchen im Waldboden<\/a><\/span><\/p>\n<p><a href=\"https:\/\/waldkritik.de\/wp-content\/uploads\/2019\/02\/Kommentar-von-K.F.Weber-Waldwahrheit-1.pdf\">&#8211; <span style=\"color: #003300;\">Kommentar von <em><strong>K.F.Weber<\/strong><\/em>&#8211; Waldwahrheit<\/span><\/a><\/p>\n<p>&#8211; <a href=\"https:\/\/waldkritik.de\/wp-content\/uploads\/2019\/02\/Leserbriefe.pdf\">Leserbriefe<\/a><\/p>\n","protected":false},"excerpt":{"rendered":"<p>ROTTENBURGER POST, 1. 2. 2019,\u00a0 Michael Hahn:\u00a0 (=&gt;Tiefe Furchen im Waldboden &#8211; Kommentar von K.F.Weber&#8211; Waldwahrheit &#8211; Leserbriefe<\/p>\n","protected":false},"author":2,"featured_media":0,"comment_status":"open","ping_status":"closed","sticky":false,"template":"","format":"standard","meta":{"footnotes":""},"categories":[1],"tags":[],"class_list":["post-3862","post","type-post","status-publish","format-standard","hentry","category-der-wald"],"_links":{"self":[{"href":"https:\/\/waldkritik.de\/index.php?rest_route=\/wp\/v2\/posts\/3862","targetHints":{"allow":["GET"]}}],"collection":[{"href":"https:\/\/waldkritik.de\/index.php?rest_route=\/wp\/v2\/posts"}],"about":[{"href":"https:\/\/waldkritik.de\/index.php?rest_route=\/wp\/v2\/types\/post"}],"author":[{"embeddable":true,"href":"https:\/\/waldkritik.de\/index.php?rest_route=\/wp\/v2\/users\/2"}],"replies":[{"embeddable":true,"href":"https:\/\/waldkritik.de\/index.php?rest_route=%2Fwp%2Fv2%2Fcomments&post=3862"}],"version-history":[{"count":36,"href":"https:\/\/waldkritik.de\/index.php?rest_route=\/wp\/v2\/posts\/3862\/revisions"}],"predecessor-version":[{"id":4409,"href":"https:\/\/waldkritik.de\/index.php?rest_route=\/wp\/v2\/posts\/3862\/revisions\/4409"}],"wp:attachment":[{"href":"https:\/\/waldkritik.de\/index.php?rest_route=%2Fwp%2Fv2%2Fmedia&parent=3862"}],"wp:term":[{"taxonomy":"category","embeddable":true,"href":"https:\/\/waldkritik.de\/index.php?rest_route=%2Fwp%2Fv2%2Fcategories&post=3862"},{"taxonomy":"post_tag","embeddable":true,"href":"https:\/\/waldkritik.de\/index.php?rest_route=%2Fwp%2Fv2%2Ftags&post=3862"}],"curies":[{"name":"wp","href":"https:\/\/api.w.org\/{rel}","templated":true}]}}