{"id":3909,"date":"2019-02-13T20:26:42","date_gmt":"2019-02-13T18:26:42","guid":{"rendered":"https:\/\/waldkritik.de\/?p=3909"},"modified":"2019-11-08T21:01:55","modified_gmt":"2019-11-08T19:01:55","slug":"unseren-wald-schuetzen-1","status":"publish","type":"post","link":"https:\/\/waldkritik.de\/?p=3909","title":{"rendered":"M\u00c4RCHENSTUNDE AM M\u00c4RCHENSEE"},"content":{"rendered":"<p><a href=\"https:\/\/waldkritik.de\/wp-content\/uploads\/2019\/02\/Ma\u0308rchensee-1-1.jpg\"><em><strong><span style=\"color: #000000;\">SEPP BUCHEGGER`S<\/span><\/strong><\/em><img loading=\"lazy\" decoding=\"async\" class=\"aligncenter size-full wp-image-3927\" src=\"https:\/\/waldkritik.de\/wp-content\/uploads\/2019\/02\/Ma\u0308rchensee-1-1.jpg\" alt=\"\" width=\"253\" height=\"380\" srcset=\"https:\/\/waldkritik.de\/wp-content\/uploads\/2019\/02\/Ma\u0308rchensee-1-1.jpg 253w, https:\/\/waldkritik.de\/wp-content\/uploads\/2019\/02\/Ma\u0308rchensee-1-1-200x300.jpg 200w\" sizes=\"auto, (max-width: 253px) 100vw, 253px\" \/><\/a>M\u00e4rchenstunde am M\u00e4rchensee &#8211; <em><strong>Schw\u00e4bischen Tagblatt T\u00fcbingen<\/strong><\/em><\/p>\n","protected":false},"excerpt":{"rendered":"<p>SEPP BUCHEGGER`SM\u00e4rchenstunde am M\u00e4rchensee &#8211; Schw\u00e4bischen Tagblatt T\u00fcbingen<\/p>\n","protected":false},"author":2,"featured_media":0,"comment_status":"open","ping_status":"closed","sticky":false,"template":"","format":"standard","meta":{"footnotes":""},"categories":[1],"tags":[],"class_list":["post-3909","post","type-post","status-publish","format-standard","hentry","category-der-wald"],"_links":{"self":[{"href":"https:\/\/waldkritik.de\/index.php?rest_route=\/wp\/v2\/posts\/3909","targetHints":{"allow":["GET"]}}],"collection":[{"href":"https:\/\/waldkritik.de\/index.php?rest_route=\/wp\/v2\/posts"}],"about":[{"href":"https:\/\/waldkritik.de\/index.php?rest_route=\/wp\/v2\/types\/post"}],"author":[{"embeddable":true,"href":"https:\/\/waldkritik.de\/index.php?rest_route=\/wp\/v2\/users\/2"}],"replies":[{"embeddable":true,"href":"https:\/\/waldkritik.de\/index.php?rest_route=%2Fwp%2Fv2%2Fcomments&post=3909"}],"version-history":[{"count":32,"href":"https:\/\/waldkritik.de\/index.php?rest_route=\/wp\/v2\/posts\/3909\/revisions"}],"predecessor-version":[{"id":4407,"href":"https:\/\/waldkritik.de\/index.php?rest_route=\/wp\/v2\/posts\/3909\/revisions\/4407"}],"wp:attachment":[{"href":"https:\/\/waldkritik.de\/index.php?rest_route=%2Fwp%2Fv2%2Fmedia&parent=3909"}],"wp:term":[{"taxonomy":"category","embeddable":true,"href":"https:\/\/waldkritik.de\/index.php?rest_route=%2Fwp%2Fv2%2Fcategories&post=3909"},{"taxonomy":"post_tag","embeddable":true,"href":"https:\/\/waldkritik.de\/index.php?rest_route=%2Fwp%2Fv2%2Ftags&post=3909"}],"curies":[{"name":"wp","href":"https:\/\/api.w.org\/{rel}","templated":true}]}}