{"id":394,"date":"2014-11-12T19:56:06","date_gmt":"2014-11-12T17:56:06","guid":{"rendered":"http:\/\/waldkritik.de\/?p=394"},"modified":"2014-12-08T20:09:05","modified_gmt":"2014-12-08T18:09:05","slug":"schonendes-holzruecken-mit-zugpferden","status":"publish","type":"post","link":"https:\/\/waldkritik.de\/?p=394","title":{"rendered":"Schonendes Holzr\u00fccken mit Zugpferden"},"content":{"rendered":"<p>Liebe Freunde der Initiative &#8220;Waldkritik&#8221;<\/p>\n<p>f\u00fcr den ein oder anderen, der keinen eindimensionalen Blick auf die M\u00f6glichkeiten der Waldbewirtschaftung und Ihrer &#8220;Instrumentarien&#8221; hat, wird es vielleich von Interesse sein, zu lesen, da\u00df Landtagsmitglied Hans-Peter Storz (SPD) unter Beipflichtung von Minister Bonde (Gr\u00fcne) vom Ministerium f\u00fcr den l\u00e4ndlichen Raum und Verbraucherschutz, einen Antrag gestellt hat, die potentiellen M\u00f6glichkeiten eines Zugpferdeeinsatzes beim Holzr\u00fccken in der Forstwirtschaft zu pr\u00fcfen bzw. dem Landtag dar\u00fcber zu berichten!<\/p>\n<p>Wen dieser Antrag interessiert, der kann ihn im folgenden hier lesen: <a title=\"Antrag Holzr\u00fccken mit Pferden\" href=\"https:\/\/waldkritik.de\/wp-content\/uploads\/2014\/12\/15_5984_D-2.pdf\" target=\"_blank\"><strong><span style=\"color: #0000ff;\">Klicken Sie hier!<\/span><\/strong><\/a><\/p>\n","protected":false},"excerpt":{"rendered":"<p>Liebe Freunde der Initiative &#8220;Waldkritik&#8221; f\u00fcr den ein oder anderen, der keinen eindimensionalen Blick auf die M\u00f6glichkeiten der Waldbewirtschaftung und Ihrer &#8220;Instrumentarien&#8221; hat, wird es vielleich von Interesse sein, zu lesen, da\u00df Landtagsmitglied Hans-Peter Storz (SPD) unter Beipflichtung von Minister Bonde (Gr\u00fcne) vom Ministerium f\u00fcr den l\u00e4ndlichen Raum und Verbraucherschutz, einen Antrag gestellt hat, die &hellip; <a href=\"https:\/\/waldkritik.de\/?p=394\" class=\"more-link\"><span class=\"screen-reader-text\">Schonendes Holzr\u00fccken mit Zugpferden<\/span> weiterlesen <span class=\"meta-nav\">&rarr;<\/span><\/a><\/p>\n","protected":false},"author":1,"featured_media":0,"comment_status":"open","ping_status":"closed","sticky":false,"template":"","format":"standard","meta":{"footnotes":""},"categories":[1],"tags":[],"class_list":["post-394","post","type-post","status-publish","format-standard","hentry","category-der-wald"],"_links":{"self":[{"href":"https:\/\/waldkritik.de\/index.php?rest_route=\/wp\/v2\/posts\/394","targetHints":{"allow":["GET"]}}],"collection":[{"href":"https:\/\/waldkritik.de\/index.php?rest_route=\/wp\/v2\/posts"}],"about":[{"href":"https:\/\/waldkritik.de\/index.php?rest_route=\/wp\/v2\/types\/post"}],"author":[{"embeddable":true,"href":"https:\/\/waldkritik.de\/index.php?rest_route=\/wp\/v2\/users\/1"}],"replies":[{"embeddable":true,"href":"https:\/\/waldkritik.de\/index.php?rest_route=%2Fwp%2Fv2%2Fcomments&post=394"}],"version-history":[{"count":3,"href":"https:\/\/waldkritik.de\/index.php?rest_route=\/wp\/v2\/posts\/394\/revisions"}],"predecessor-version":[{"id":398,"href":"https:\/\/waldkritik.de\/index.php?rest_route=\/wp\/v2\/posts\/394\/revisions\/398"}],"wp:attachment":[{"href":"https:\/\/waldkritik.de\/index.php?rest_route=%2Fwp%2Fv2%2Fmedia&parent=394"}],"wp:term":[{"taxonomy":"category","embeddable":true,"href":"https:\/\/waldkritik.de\/index.php?rest_route=%2Fwp%2Fv2%2Fcategories&post=394"},{"taxonomy":"post_tag","embeddable":true,"href":"https:\/\/waldkritik.de\/index.php?rest_route=%2Fwp%2Fv2%2Ftags&post=394"}],"curies":[{"name":"wp","href":"https:\/\/api.w.org\/{rel}","templated":true}]}}