{"id":3977,"date":"2019-03-02T18:21:35","date_gmt":"2019-03-02T16:21:35","guid":{"rendered":"https:\/\/waldkritik.de\/?p=3977"},"modified":"2019-11-08T21:00:32","modified_gmt":"2019-11-08T19:00:32","slug":"schwaebisches-tagblatt-warum-die-baeume-fallen","status":"publish","type":"post","link":"https:\/\/waldkritik.de\/?p=3977","title":{"rendered":"SCHW\u00c4BISCHES TAGBLATT &#8211; WARUM DIE B\u00c4UME FALLEN"},"content":{"rendered":"<p><em><strong>Mario Bei\u00dfwenger<\/strong><\/em> verweigert WALDKRITIK die Ver\u00f6ffentlichung seiner beiden Interviews und seines in der gleichen Ausgabe erschienenen Kommentars- Tagblatt vom 19. 2.<\/p>\n<p>Seine Begr\u00fcndung, im \u201eUmfeld\u201c von WALDKRITIK zitiert zu werden, w\u00fcrde ihn als B\u00fcttel der Forstindu\u00adstrie erscheinen lassen&#8230;<\/p>\n<p>Auf die Fragen eines T\u00fcbinger B\u00fcrgers zu den inkonsistenten Holzeinschl\u00e4gen im Stadtwald T\u00fcbingen und zu den Konsequenzen f\u00fcr die Lebensr\u00e4ume und Lebewesen, ist Bei\u00dfwenger mit keinem Wort eingegangen, warum auch, wenn er doch feststellt, &#8220;dass die hiesige Forstwirtschaft die Sache ganz gut managt&#8221;.<\/p>\n<p>Der stellvertretende Chefredakteur Ulrich Jan\u00dfen zu der seltsam einseitigen Pressearbeit seines Mitarbeiters:\u00a0 ich mu\u00df glauben was Bei\u00dfwenger schreibt&#8230;<\/p>\n<p>Das\u00a0 Anliegen von Herr Dr. L\u00fccke (=&gt;<a href=\"https:\/\/waldkritik.de\/wp-content\/uploads\/2019\/03\/Leserbrief.pdf\">Leserbrief<\/a><\/p>\n<p>(=&gt;<span style=\"color: #000000;\"> Leserbriefe,<\/span> <a href=\"https:\/\/waldkritik.de\/wp-content\/uploads\/2019\/03\/F\u00fcr-und-....pdf\">F\u00fcr und &#8230;<\/a><\/p>\n<p>(=&gt; \u00a0<a href=\"https:\/\/waldkritik.de\/wp-content\/uploads\/2019\/03\/WIDER.pdf\"> WIDER<\/a><\/p>\n","protected":false},"excerpt":{"rendered":"<p>Mario Bei\u00dfwenger verweigert WALDKRITIK die Ver\u00f6ffentlichung seiner beiden Interviews und seines in der gleichen Ausgabe erschienenen Kommentars- Tagblatt vom 19. 2. Seine Begr\u00fcndung, im \u201eUmfeld\u201c von WALDKRITIK zitiert zu werden, w\u00fcrde ihn als B\u00fcttel der Forstindu\u00adstrie erscheinen lassen&#8230; Auf die Fragen eines T\u00fcbinger B\u00fcrgers zu den inkonsistenten Holzeinschl\u00e4gen im Stadtwald T\u00fcbingen und zu den Konsequenzen &hellip; <a href=\"https:\/\/waldkritik.de\/?p=3977\" class=\"more-link\"><span class=\"screen-reader-text\">SCHW\u00c4BISCHES TAGBLATT &#8211; WARUM DIE B\u00c4UME FALLEN<\/span> weiterlesen <span class=\"meta-nav\">&rarr;<\/span><\/a><\/p>\n","protected":false},"author":2,"featured_media":0,"comment_status":"open","ping_status":"closed","sticky":false,"template":"","format":"standard","meta":{"footnotes":""},"categories":[1],"tags":[],"class_list":["post-3977","post","type-post","status-publish","format-standard","hentry","category-der-wald"],"_links":{"self":[{"href":"https:\/\/waldkritik.de\/index.php?rest_route=\/wp\/v2\/posts\/3977","targetHints":{"allow":["GET"]}}],"collection":[{"href":"https:\/\/waldkritik.de\/index.php?rest_route=\/wp\/v2\/posts"}],"about":[{"href":"https:\/\/waldkritik.de\/index.php?rest_route=\/wp\/v2\/types\/post"}],"author":[{"embeddable":true,"href":"https:\/\/waldkritik.de\/index.php?rest_route=\/wp\/v2\/users\/2"}],"replies":[{"embeddable":true,"href":"https:\/\/waldkritik.de\/index.php?rest_route=%2Fwp%2Fv2%2Fcomments&post=3977"}],"version-history":[{"count":27,"href":"https:\/\/waldkritik.de\/index.php?rest_route=\/wp\/v2\/posts\/3977\/revisions"}],"predecessor-version":[{"id":4406,"href":"https:\/\/waldkritik.de\/index.php?rest_route=\/wp\/v2\/posts\/3977\/revisions\/4406"}],"wp:attachment":[{"href":"https:\/\/waldkritik.de\/index.php?rest_route=%2Fwp%2Fv2%2Fmedia&parent=3977"}],"wp:term":[{"taxonomy":"category","embeddable":true,"href":"https:\/\/waldkritik.de\/index.php?rest_route=%2Fwp%2Fv2%2Fcategories&post=3977"},{"taxonomy":"post_tag","embeddable":true,"href":"https:\/\/waldkritik.de\/index.php?rest_route=%2Fwp%2Fv2%2Ftags&post=3977"}],"curies":[{"name":"wp","href":"https:\/\/api.w.org\/{rel}","templated":true}]}}