{"id":4074,"date":"2019-09-28T22:32:26","date_gmt":"2019-09-28T20:32:26","guid":{"rendered":"https:\/\/waldkritik.de\/?p=4074"},"modified":"2019-11-08T19:34:24","modified_gmt":"2019-11-08T17:34:24","slug":"grundgesetz-artikel-20a","status":"publish","type":"post","link":"https:\/\/waldkritik.de\/?p=4074","title":{"rendered":"SCH\u00d6NBUCHTURM- 359\u00b0 AUSSICHT (18)"},"content":{"rendered":"<p><span class=\"text\"><i><b>GRUNDGESETZ ARTIKEL 20A<\/b><\/i><\/span><\/p>\n<p><span class=\"text\"><i><b>Der Staat sch\u00fctzt auch in Verantwortung f\u00fcr die k\u00fcnftigen Generationen die nat\u00fcrlichen Lebensgrundlagen und die Tiere im Rahmen der verfassungsm\u00e4\u00dfigen Ordnung durch die Gesetzgebung und nach Ma\u00dfgabe von Gesetz und Recht durch die vollziehende Gewalt und die Rechtsprechung.<\/b><\/i><\/span><\/p>\n<p><a href=\"https:\/\/waldkritik.de\/wp-content\/uploads\/2019\/05\/Waldwirtschaft-2019-1.png\"><img loading=\"lazy\" decoding=\"async\" class=\"aligncenter size-full wp-image-4080\" src=\"https:\/\/waldkritik.de\/wp-content\/uploads\/2019\/05\/Waldwirtschaft-2019-1.png\" alt=\"\" width=\"658\" height=\"381\" srcset=\"https:\/\/waldkritik.de\/wp-content\/uploads\/2019\/05\/Waldwirtschaft-2019-1.png 658w, https:\/\/waldkritik.de\/wp-content\/uploads\/2019\/05\/Waldwirtschaft-2019-1-300x174.png 300w\" sizes=\"auto, (max-width: 658px) 100vw, 658px\" \/><\/a>WALDWIRTSCHAFT 2019<\/p>\n","protected":false},"excerpt":{"rendered":"<p>GRUNDGESETZ ARTIKEL 20A Der Staat sch\u00fctzt auch in Verantwortung f\u00fcr die k\u00fcnftigen Generationen die nat\u00fcrlichen Lebensgrundlagen und die Tiere im Rahmen der verfassungsm\u00e4\u00dfigen Ordnung durch die Gesetzgebung und nach Ma\u00dfgabe von Gesetz und Recht durch die vollziehende Gewalt und die Rechtsprechung. WALDWIRTSCHAFT 2019<\/p>\n","protected":false},"author":2,"featured_media":0,"comment_status":"open","ping_status":"closed","sticky":false,"template":"","format":"standard","meta":{"footnotes":""},"categories":[1],"tags":[],"class_list":["post-4074","post","type-post","status-publish","format-standard","hentry","category-der-wald"],"_links":{"self":[{"href":"https:\/\/waldkritik.de\/index.php?rest_route=\/wp\/v2\/posts\/4074","targetHints":{"allow":["GET"]}}],"collection":[{"href":"https:\/\/waldkritik.de\/index.php?rest_route=\/wp\/v2\/posts"}],"about":[{"href":"https:\/\/waldkritik.de\/index.php?rest_route=\/wp\/v2\/types\/post"}],"author":[{"embeddable":true,"href":"https:\/\/waldkritik.de\/index.php?rest_route=\/wp\/v2\/users\/2"}],"replies":[{"embeddable":true,"href":"https:\/\/waldkritik.de\/index.php?rest_route=%2Fwp%2Fv2%2Fcomments&post=4074"}],"version-history":[{"count":7,"href":"https:\/\/waldkritik.de\/index.php?rest_route=\/wp\/v2\/posts\/4074\/revisions"}],"predecessor-version":[{"id":4399,"href":"https:\/\/waldkritik.de\/index.php?rest_route=\/wp\/v2\/posts\/4074\/revisions\/4399"}],"wp:attachment":[{"href":"https:\/\/waldkritik.de\/index.php?rest_route=%2Fwp%2Fv2%2Fmedia&parent=4074"}],"wp:term":[{"taxonomy":"category","embeddable":true,"href":"https:\/\/waldkritik.de\/index.php?rest_route=%2Fwp%2Fv2%2Fcategories&post=4074"},{"taxonomy":"post_tag","embeddable":true,"href":"https:\/\/waldkritik.de\/index.php?rest_route=%2Fwp%2Fv2%2Ftags&post=4074"}],"curies":[{"name":"wp","href":"https:\/\/api.w.org\/{rel}","templated":true}]}}