{"id":4117,"date":"2019-08-31T11:33:28","date_gmt":"2019-08-31T09:33:28","guid":{"rendered":"https:\/\/waldkritik.de\/?p=4117"},"modified":"2019-11-08T20:59:29","modified_gmt":"2019-11-08T18:59:29","slug":"schoenbuchturm-359-aussicht-10","status":"publish","type":"post","link":"https:\/\/waldkritik.de\/?p=4117","title":{"rendered":"SCH\u00d6NBUCHTURM- 359\u00b0 AUSSICHT (13)"},"content":{"rendered":"<p>&#8211;<em><strong>PETER WOHLLEBEN<\/strong><\/em>&#8211; STERN NR. 35\/2019: <span style=\"color: #ff0000;\">&#8230; Dass die deutschen W\u00e4lder so ramponiert sind, ist laut <a class=\"taxonomy-entity js-article-topic-teaser\" title=\"Wohlleben\" href=\"https:\/\/www.stern.de\/reise\/deutschland\/themen\/peter-wohlleben-6502444.html\">Wohlleben<\/a> vor allem das <\/span><span style=\"color: #ff0000;\">Ergebnis einer r\u00fccksichtslosen Forstwirtschaft, die den Wald seit Jahrzehnten als Rohstoffquel- le ausbeutet, statt das kostbare \u00d6kosystem f\u00fcr kommende Generationen zu sch\u00fctzen.<br \/>\n<\/span><\/p>\n<p>=&gt; <a href=\"https:\/\/www.stern.de\/panorama\/weltgeschehen\/peter-wohlleben-rechnet-wegen-zustand-der-waelder-mit-deutschen-foerstern-ab-8856360.html\">https:\/\/www.stern.de\/panorama\/weltgeschehen\/peter-wohlleben-rechnet-wegen-zustand-der-waelder-mit-deutschen-foerstern-ab-8856360.html<\/a><\/p>\n<p>Offener Brief von Forstwirt Neth mit Reaktion von Prof. Kaiser an Hr. Wohlleben=&gt; <a href=\"https:\/\/www.forstpraxis.de\/offener-brief-an-herrn-peter-wohlleben-und-die-redaktion-stern-2\/\">https:\/\/www.forstpraxis.de\/offener-brief-an-herrn-peter-wohlleben-und-die-redaktion-stern-2\/<\/a><\/p>\n<p>Leserbrief Harald Kunz\/ Schw\u00e4bisches Tagblatt =&gt; <a href=\"https:\/\/www.tagblatt.de\/Nachrichten\/Alle-sind-betroffen-428099.htm\">https:\/\/www.tagblatt.de\/Nachrichten\/Alle-sind-betroffen-428099.htm<\/a><\/p>\n<p><a href=\"https:\/\/waldkritik.de\/wp-content\/uploads\/2019\/05\/Waldwirtschaft-2019-1.png\"><img loading=\"lazy\" decoding=\"async\" class=\"aligncenter size-full wp-image-4080\" src=\"https:\/\/waldkritik.de\/wp-content\/uploads\/2019\/05\/Waldwirtschaft-2019-1.png\" alt=\"\" width=\"658\" height=\"381\" srcset=\"https:\/\/waldkritik.de\/wp-content\/uploads\/2019\/05\/Waldwirtschaft-2019-1.png 658w, https:\/\/waldkritik.de\/wp-content\/uploads\/2019\/05\/Waldwirtschaft-2019-1-300x174.png 300w\" sizes=\"auto, (max-width: 658px) 100vw, 658px\" \/><\/a>Waldwirtschaft 2019<\/p>\n","protected":false},"excerpt":{"rendered":"<p>&#8211;PETER WOHLLEBEN&#8211; STERN NR. 35\/2019: &#8230; Dass die deutschen W\u00e4lder so ramponiert sind, ist laut Wohlleben vor allem das Ergebnis einer r\u00fccksichtslosen Forstwirtschaft, die den Wald seit Jahrzehnten als Rohstoffquel- le ausbeutet, statt das kostbare \u00d6kosystem f\u00fcr kommende Generationen zu sch\u00fctzen. =&gt; https:\/\/www.stern.de\/panorama\/weltgeschehen\/peter-wohlleben-rechnet-wegen-zustand-der-waelder-mit-deutschen-foerstern-ab-8856360.html Offener Brief von Forstwirt Neth mit Reaktion von Prof. Kaiser an Hr. &hellip; <a href=\"https:\/\/waldkritik.de\/?p=4117\" class=\"more-link\"><span class=\"screen-reader-text\">SCH\u00d6NBUCHTURM- 359\u00b0 AUSSICHT (13)<\/span> weiterlesen <span class=\"meta-nav\">&rarr;<\/span><\/a><\/p>\n","protected":false},"author":2,"featured_media":0,"comment_status":"open","ping_status":"closed","sticky":false,"template":"","format":"standard","meta":{"footnotes":""},"categories":[1],"tags":[],"class_list":["post-4117","post","type-post","status-publish","format-standard","hentry","category-der-wald"],"_links":{"self":[{"href":"https:\/\/waldkritik.de\/index.php?rest_route=\/wp\/v2\/posts\/4117","targetHints":{"allow":["GET"]}}],"collection":[{"href":"https:\/\/waldkritik.de\/index.php?rest_route=\/wp\/v2\/posts"}],"about":[{"href":"https:\/\/waldkritik.de\/index.php?rest_route=\/wp\/v2\/types\/post"}],"author":[{"embeddable":true,"href":"https:\/\/waldkritik.de\/index.php?rest_route=\/wp\/v2\/users\/2"}],"replies":[{"embeddable":true,"href":"https:\/\/waldkritik.de\/index.php?rest_route=%2Fwp%2Fv2%2Fcomments&post=4117"}],"version-history":[{"count":21,"href":"https:\/\/waldkritik.de\/index.php?rest_route=\/wp\/v2\/posts\/4117\/revisions"}],"predecessor-version":[{"id":4404,"href":"https:\/\/waldkritik.de\/index.php?rest_route=\/wp\/v2\/posts\/4117\/revisions\/4404"}],"wp:attachment":[{"href":"https:\/\/waldkritik.de\/index.php?rest_route=%2Fwp%2Fv2%2Fmedia&parent=4117"}],"wp:term":[{"taxonomy":"category","embeddable":true,"href":"https:\/\/waldkritik.de\/index.php?rest_route=%2Fwp%2Fv2%2Fcategories&post=4117"},{"taxonomy":"post_tag","embeddable":true,"href":"https:\/\/waldkritik.de\/index.php?rest_route=%2Fwp%2Fv2%2Ftags&post=4117"}],"curies":[{"name":"wp","href":"https:\/\/api.w.org\/{rel}","templated":true}]}}