{"id":4242,"date":"2019-09-26T10:02:14","date_gmt":"2019-09-26T08:02:14","guid":{"rendered":"https:\/\/waldkritik.de\/?p=4242"},"modified":"2019-11-08T20:57:18","modified_gmt":"2019-11-08T18:57:18","slug":"schoenbuchturm-359-aussicht-17","status":"publish","type":"post","link":"https:\/\/waldkritik.de\/?p=4242","title":{"rendered":"SCH\u00d6NBUCHTURM- 359\u00b0 AUSSICHT (17)"},"content":{"rendered":"<p><span style=\"color: #ff0000;\">\u201eWir stehen am Beginn eines Massensterbens und alles, wor\u00fcber ihr sprechen k\u00f6nnt sind, Geld und das M\u00e4rchen vom ewigen Wachstum-<\/span><span style=\"color: #ff0000;\">wie k\u00f6nnt ihr es wagen?<\/span><\/p>\n<p><em><strong>Greta Thunberg<\/strong><\/em> (=&gt; <a href=\"https:\/\/www.youtube.com\/watch?v=SfCUcDAlSKk\">https:\/\/www.youtube.com\/watch?v=SfCUcDAlSKk<\/a><\/p>\n","protected":false},"excerpt":{"rendered":"<p>\u201eWir stehen am Beginn eines Massensterbens und alles, wor\u00fcber ihr sprechen k\u00f6nnt sind, Geld und das M\u00e4rchen vom ewigen Wachstum-wie k\u00f6nnt ihr es wagen? Greta Thunberg (=&gt; https:\/\/www.youtube.com\/watch?v=SfCUcDAlSKk<\/p>\n","protected":false},"author":2,"featured_media":0,"comment_status":"open","ping_status":"closed","sticky":false,"template":"","format":"standard","meta":{"footnotes":""},"categories":[1],"tags":[],"class_list":["post-4242","post","type-post","status-publish","format-standard","hentry","category-der-wald"],"_links":{"self":[{"href":"https:\/\/waldkritik.de\/index.php?rest_route=\/wp\/v2\/posts\/4242","targetHints":{"allow":["GET"]}}],"collection":[{"href":"https:\/\/waldkritik.de\/index.php?rest_route=\/wp\/v2\/posts"}],"about":[{"href":"https:\/\/waldkritik.de\/index.php?rest_route=\/wp\/v2\/types\/post"}],"author":[{"embeddable":true,"href":"https:\/\/waldkritik.de\/index.php?rest_route=\/wp\/v2\/users\/2"}],"replies":[{"embeddable":true,"href":"https:\/\/waldkritik.de\/index.php?rest_route=%2Fwp%2Fv2%2Fcomments&post=4242"}],"version-history":[{"count":9,"href":"https:\/\/waldkritik.de\/index.php?rest_route=\/wp\/v2\/posts\/4242\/revisions"}],"predecessor-version":[{"id":4400,"href":"https:\/\/waldkritik.de\/index.php?rest_route=\/wp\/v2\/posts\/4242\/revisions\/4400"}],"wp:attachment":[{"href":"https:\/\/waldkritik.de\/index.php?rest_route=%2Fwp%2Fv2%2Fmedia&parent=4242"}],"wp:term":[{"taxonomy":"category","embeddable":true,"href":"https:\/\/waldkritik.de\/index.php?rest_route=%2Fwp%2Fv2%2Fcategories&post=4242"},{"taxonomy":"post_tag","embeddable":true,"href":"https:\/\/waldkritik.de\/index.php?rest_route=%2Fwp%2Fv2%2Ftags&post=4242"}],"curies":[{"name":"wp","href":"https:\/\/api.w.org\/{rel}","templated":true}]}}