{"id":4254,"date":"2019-10-04T10:56:55","date_gmt":"2019-10-04T08:56:55","guid":{"rendered":"https:\/\/waldkritik.de\/?p=4254"},"modified":"2019-11-09T10:44:01","modified_gmt":"2019-11-09T08:44:01","slug":"__trashed-3__trashed","status":"publish","type":"post","link":"https:\/\/waldkritik.de\/?p=4254","title":{"rendered":"&#8220;WALDARBEIT SCHAFFT WERTE UND BEWAHRT&#8221;"},"content":{"rendered":"<p>Unter diesem Motto m\u00f6chte ForstBW Waldbesucherinnen und Waldbesucher Forstwirtschaft im Wald erkl\u00e4ren.<\/p>\n<p>\u201eWenn wir(?) erkl\u00e4ren, was wir(?) im Wald(?) tun, k\u00f6nnen Interessierte besser verstehen(?),\u00a0 dass Holzernte(?) f\u00fcr die Waldpflege(?) wesentlich ist&#8221;, so <em><strong>MAX REGER<\/strong><\/em>, Forstpr\u00e4sident, auf der Webseite von ForstBW.<\/p>\n<p>Laut <em><strong>Prof. Bolte<\/strong><\/em> sind 2019 zwei Prozent des deutschen Waldes durch Trockenheit, Sch\u00e4dlinge und Krankheiten kahl gefallen, weitere 20-25 Prozent seien einem erh\u00f6hten Risiko ausgesetzt. (Die Zahlen sind gesch\u00e4tzt).\u00a0 Die eindringliche Meldung der Forstlichen Versuchsanstalt Freiburg weist auf &#8220;besorgniserregende&#8221; Befahrungssch\u00e4den, <em><strong>Peter Wohlleben<\/strong><\/em> stellte hierzu fest: etwa die H\u00e4lfte der Waldb\u00f6den seien schwer gesch\u00e4digt.<\/p>\n<p>Insgesamt sind also mehr als 50 Prozent der gesamten Waldfl\u00e4che kahlgefallen, einem erh\u00f6hten Risiko ausgesetzt, durch Befahrung beeintr\u00e4chtigt oder vernichtet&#8230;<\/p>\n<p><span style=\"color: #ff0000;\"><span style=\"color: #000000;\">Lassen die Zahlen nicht offenbar werden, dass <em><strong>FORST BW<\/strong><\/em>, entgegen aller Beteuerungen, den Waldorganismus besch\u00e4digt und die Politik dabei zusieht?<\/span><br \/>\n<\/span><\/p>\n<p><strong>Ist der Sch\u00f6pfung, der Natur, hier dem Wald, nicht dringlichst ein <em>INDIVIDUALRECHT<\/em> zuzuerkennen, gesetzlich zu verankern und unabh\u00e4ngig zu kontrollieren,<\/strong> um so den Erscheinungen, dem wechselseitigen Austausch des Lebens gerecht werdend, wegweisend, eine L\u00f6sung f\u00fcr die besorgniserregend wachsenden Probleme zu finden, die uns alle bedrohen.<\/p>\n<p><a href=\"https:\/\/waldkritik.de\/wp-content\/uploads\/2019\/03\/P1010942.jpg\"><img loading=\"lazy\" decoding=\"async\" class=\"aligncenter size-full wp-image-4018\" src=\"https:\/\/waldkritik.de\/wp-content\/uploads\/2019\/03\/P1010942.jpg\" alt=\"\" width=\"375\" height=\"500\" srcset=\"https:\/\/waldkritik.de\/wp-content\/uploads\/2019\/03\/P1010942.jpg 375w, https:\/\/waldkritik.de\/wp-content\/uploads\/2019\/03\/P1010942-225x300.jpg 225w\" sizes=\"auto, (max-width: 375px) 100vw, 375px\" \/><\/a><\/p>\n<p>&nbsp;<\/p>\n","protected":false},"excerpt":{"rendered":"<p>Unter diesem Motto m\u00f6chte ForstBW Waldbesucherinnen und Waldbesucher Forstwirtschaft im Wald erkl\u00e4ren. \u201eWenn wir(?) erkl\u00e4ren, was wir(?) im Wald(?) tun, k\u00f6nnen Interessierte besser verstehen(?),\u00a0 dass Holzernte(?) f\u00fcr die Waldpflege(?) wesentlich ist&#8221;, so MAX REGER, Forstpr\u00e4sident, auf der Webseite von ForstBW. Laut Prof. Bolte sind 2019 zwei Prozent des deutschen Waldes durch Trockenheit, Sch\u00e4dlinge und Krankheiten &hellip; <a href=\"https:\/\/waldkritik.de\/?p=4254\" class=\"more-link\"><span class=\"screen-reader-text\">&#8220;WALDARBEIT SCHAFFT WERTE UND BEWAHRT&#8221;<\/span> weiterlesen <span class=\"meta-nav\">&rarr;<\/span><\/a><\/p>\n","protected":false},"author":2,"featured_media":0,"comment_status":"open","ping_status":"closed","sticky":false,"template":"","format":"standard","meta":{"footnotes":""},"categories":[1],"tags":[],"class_list":["post-4254","post","type-post","status-publish","format-standard","hentry","category-der-wald"],"_links":{"self":[{"href":"https:\/\/waldkritik.de\/index.php?rest_route=\/wp\/v2\/posts\/4254","targetHints":{"allow":["GET"]}}],"collection":[{"href":"https:\/\/waldkritik.de\/index.php?rest_route=\/wp\/v2\/posts"}],"about":[{"href":"https:\/\/waldkritik.de\/index.php?rest_route=\/wp\/v2\/types\/post"}],"author":[{"embeddable":true,"href":"https:\/\/waldkritik.de\/index.php?rest_route=\/wp\/v2\/users\/2"}],"replies":[{"embeddable":true,"href":"https:\/\/waldkritik.de\/index.php?rest_route=%2Fwp%2Fv2%2Fcomments&post=4254"}],"version-history":[{"count":80,"href":"https:\/\/waldkritik.de\/index.php?rest_route=\/wp\/v2\/posts\/4254\/revisions"}],"predecessor-version":[{"id":4422,"href":"https:\/\/waldkritik.de\/index.php?rest_route=\/wp\/v2\/posts\/4254\/revisions\/4422"}],"wp:attachment":[{"href":"https:\/\/waldkritik.de\/index.php?rest_route=%2Fwp%2Fv2%2Fmedia&parent=4254"}],"wp:term":[{"taxonomy":"category","embeddable":true,"href":"https:\/\/waldkritik.de\/index.php?rest_route=%2Fwp%2Fv2%2Fcategories&post=4254"},{"taxonomy":"post_tag","embeddable":true,"href":"https:\/\/waldkritik.de\/index.php?rest_route=%2Fwp%2Fv2%2Ftags&post=4254"}],"curies":[{"name":"wp","href":"https:\/\/api.w.org\/{rel}","templated":true}]}}