{"id":4336,"date":"2019-10-11T13:07:50","date_gmt":"2019-10-11T11:07:50","guid":{"rendered":"https:\/\/waldkritik.de\/?p=4336"},"modified":"2019-10-14T10:18:41","modified_gmt":"2019-10-14T08:18:41","slug":"volksbegehren-artenschutz","status":"publish","type":"post","link":"https:\/\/waldkritik.de\/?p=4336","title":{"rendered":"VOLKSBEGEHREN ARTENSCHUTZ"},"content":{"rendered":"<p><span style=\"color: #ff0000;\">siehe (=&gt; <a href=\"https:\/\/volksbegehren-artenschutz.de\/\">https:\/\/volksbegehren-artenschutz.de\/<\/a><\/span><\/p>\n<p><img loading=\"lazy\" decoding=\"async\" class=\"irc_mi\" src=\"https:\/\/www.tagesschau.de\/multimedia\/bilder\/biene-apfelbluete-101~_v-modPremium.jpg\" alt=\"Bildergebnis f\u00fcr artenschutz volksbegehren bw\" width=\"450\" height=\"127\" \/><\/p>\n<p>&#8220;Die Zeit dr\u00e4ngt: Der R\u00fcckgang von Bienen, Schmetterlingen, Amphibien, Reptilien, Fischen, V\u00f6geln und Wildkr\u00e4utern ist im L\u00e4ndle alarmierend. Die H\u00e4lfte der Wildbienenarten ist gef\u00e4hrdet, am Bodensee sind seit 1980 25 Prozent aller V\u00f6gel verschwunden und landesweit sinkt die Masse an Insekten um dramatische Werte. <strong>Da die Politik diese Bedrohung nicht verbindlich bek\u00e4mpfen will machen wir B\u00fcrgerInnen eben selbst Politik &#8211;<\/strong> und bringen einen Gesetzentwurf ein, der Artenvielfalt sch\u00fctzt und Agrarwende vorantreibt&#8221;.<\/p>\n<p><span style=\"color: #008000;\">Bitte unterschreiben Sie (=&gt; <a href=\"https:\/\/probiene.de\/produkt\/formblatt-unterschrift\/\">https:\/\/probiene.de\/produkt\/formblatt-unterschrift\/<\/a><\/span><\/p>\n","protected":false},"excerpt":{"rendered":"<p>siehe (=&gt; https:\/\/volksbegehren-artenschutz.de\/ &#8220;Die Zeit dr\u00e4ngt: Der R\u00fcckgang von Bienen, Schmetterlingen, Amphibien, Reptilien, Fischen, V\u00f6geln und Wildkr\u00e4utern ist im L\u00e4ndle alarmierend. Die H\u00e4lfte der Wildbienenarten ist gef\u00e4hrdet, am Bodensee sind seit 1980 25 Prozent aller V\u00f6gel verschwunden und landesweit sinkt die Masse an Insekten um dramatische Werte. Da die Politik diese Bedrohung nicht verbindlich bek\u00e4mpfen &hellip; <a href=\"https:\/\/waldkritik.de\/?p=4336\" class=\"more-link\"><span class=\"screen-reader-text\">VOLKSBEGEHREN ARTENSCHUTZ<\/span> weiterlesen <span class=\"meta-nav\">&rarr;<\/span><\/a><\/p>\n","protected":false},"author":2,"featured_media":0,"comment_status":"open","ping_status":"closed","sticky":false,"template":"","format":"standard","meta":{"footnotes":""},"categories":[1],"tags":[],"class_list":["post-4336","post","type-post","status-publish","format-standard","hentry","category-der-wald"],"_links":{"self":[{"href":"https:\/\/waldkritik.de\/index.php?rest_route=\/wp\/v2\/posts\/4336","targetHints":{"allow":["GET"]}}],"collection":[{"href":"https:\/\/waldkritik.de\/index.php?rest_route=\/wp\/v2\/posts"}],"about":[{"href":"https:\/\/waldkritik.de\/index.php?rest_route=\/wp\/v2\/types\/post"}],"author":[{"embeddable":true,"href":"https:\/\/waldkritik.de\/index.php?rest_route=\/wp\/v2\/users\/2"}],"replies":[{"embeddable":true,"href":"https:\/\/waldkritik.de\/index.php?rest_route=%2Fwp%2Fv2%2Fcomments&post=4336"}],"version-history":[{"count":8,"href":"https:\/\/waldkritik.de\/index.php?rest_route=\/wp\/v2\/posts\/4336\/revisions"}],"predecessor-version":[{"id":4346,"href":"https:\/\/waldkritik.de\/index.php?rest_route=\/wp\/v2\/posts\/4336\/revisions\/4346"}],"wp:attachment":[{"href":"https:\/\/waldkritik.de\/index.php?rest_route=%2Fwp%2Fv2%2Fmedia&parent=4336"}],"wp:term":[{"taxonomy":"category","embeddable":true,"href":"https:\/\/waldkritik.de\/index.php?rest_route=%2Fwp%2Fv2%2Fcategories&post=4336"},{"taxonomy":"post_tag","embeddable":true,"href":"https:\/\/waldkritik.de\/index.php?rest_route=%2Fwp%2Fv2%2Ftags&post=4336"}],"curies":[{"name":"wp","href":"https:\/\/api.w.org\/{rel}","templated":true}]}}