{"id":4351,"date":"2019-10-17T20:02:23","date_gmt":"2019-10-17T18:02:23","guid":{"rendered":"https:\/\/waldkritik.de\/?p=4351"},"modified":"2019-11-08T19:32:48","modified_gmt":"2019-11-08T17:32:48","slug":"schoenbuchturm-359-aussicht-19","status":"publish","type":"post","link":"https:\/\/waldkritik.de\/?p=4351","title":{"rendered":"SCH\u00d6NBUCHTURM- 359\u00b0 AUSSICHT (19)"},"content":{"rendered":"<p>Zu Wort kommen die Wald\u00f6kologen <em><strong>Simon Thor<\/strong><strong>n<\/strong><\/em>, <em><strong>J\u00f6rg M\u00fcller<\/strong><\/em> und <em><strong>Alexandro Leverkus<\/strong><\/em> von der Universit\u00e4t W\u00fcrzburg: Neuen Waldsch\u00e4den &#8220;richtig&#8221; vorbeugen. (=&gt; <a href=\"https:\/\/www.uni-wuerzburg.de\/aktuelles\/pressemitteilungen\/single\/news\/neuen-waldschaeden-richtig-vorbeugen\/\">https:\/\/www.uni-wuerzburg.de\/aktuelles\/pressemitteilungen\/single\/news\/neuen-waldschaeden-richtig-vorbeugen\/<\/a><\/p>\n","protected":false},"excerpt":{"rendered":"<p>Zu Wort kommen die Wald\u00f6kologen Simon Thorn, J\u00f6rg M\u00fcller und Alexandro Leverkus von der Universit\u00e4t W\u00fcrzburg: Neuen Waldsch\u00e4den &#8220;richtig&#8221; vorbeugen. (=&gt; https:\/\/www.uni-wuerzburg.de\/aktuelles\/pressemitteilungen\/single\/news\/neuen-waldschaeden-richtig-vorbeugen\/<\/p>\n","protected":false},"author":2,"featured_media":0,"comment_status":"open","ping_status":"closed","sticky":false,"template":"","format":"standard","meta":{"footnotes":""},"categories":[1],"tags":[],"class_list":["post-4351","post","type-post","status-publish","format-standard","hentry","category-der-wald"],"_links":{"self":[{"href":"https:\/\/waldkritik.de\/index.php?rest_route=\/wp\/v2\/posts\/4351","targetHints":{"allow":["GET"]}}],"collection":[{"href":"https:\/\/waldkritik.de\/index.php?rest_route=\/wp\/v2\/posts"}],"about":[{"href":"https:\/\/waldkritik.de\/index.php?rest_route=\/wp\/v2\/types\/post"}],"author":[{"embeddable":true,"href":"https:\/\/waldkritik.de\/index.php?rest_route=\/wp\/v2\/users\/2"}],"replies":[{"embeddable":true,"href":"https:\/\/waldkritik.de\/index.php?rest_route=%2Fwp%2Fv2%2Fcomments&post=4351"}],"version-history":[{"count":4,"href":"https:\/\/waldkritik.de\/index.php?rest_route=\/wp\/v2\/posts\/4351\/revisions"}],"predecessor-version":[{"id":4398,"href":"https:\/\/waldkritik.de\/index.php?rest_route=\/wp\/v2\/posts\/4351\/revisions\/4398"}],"wp:attachment":[{"href":"https:\/\/waldkritik.de\/index.php?rest_route=%2Fwp%2Fv2%2Fmedia&parent=4351"}],"wp:term":[{"taxonomy":"category","embeddable":true,"href":"https:\/\/waldkritik.de\/index.php?rest_route=%2Fwp%2Fv2%2Fcategories&post=4351"},{"taxonomy":"post_tag","embeddable":true,"href":"https:\/\/waldkritik.de\/index.php?rest_route=%2Fwp%2Fv2%2Ftags&post=4351"}],"curies":[{"name":"wp","href":"https:\/\/api.w.org\/{rel}","templated":true}]}}