{"id":4387,"date":"2019-11-02T07:06:32","date_gmt":"2019-11-02T05:06:32","guid":{"rendered":"https:\/\/waldkritik.de\/?p=4387"},"modified":"2019-11-02T07:07:42","modified_gmt":"2019-11-02T05:07:42","slug":"schoenbuchturm-359-aussicht-20","status":"publish","type":"post","link":"https:\/\/waldkritik.de\/?p=4387","title":{"rendered":"SCH\u00d6NBUCHTURM- 359\u00b0 AUSSICHT (20)"},"content":{"rendered":"<p>INSEKTENSTERBEN noch dramatischer&#8230;<\/p>\n<p>Eine M\u00fcnchner Studie entdeckt bedenkliche R\u00fcckg\u00e4nge auf Wiesen, aber auch in W\u00e4ldern und Schutzgebieten &#8211; und das in kurzer Zeit.<\/p>\n<p>(=&gt;<a href=\"https:\/\/www.spektrum.de\/news\/insektensterben-hier-zu-lande-noch-dramatischer\/1682738?utm_medium=newsletter&amp;utm_source=sdw-nl&amp;utm_campaign=sdw-nl-daily&amp;utm_content=heut\">\u00a0https:\/\/www.spektrum.de\/news\/insektensterben-hier-zu-lande-noch-dramatischer\/1682738?utm_medium=newsletter&amp;utm_source=sdw-nl&amp;utm_campaign=sdw-nl-daily&amp;utm_content=heut<\/a>e<\/p>\n","protected":false},"excerpt":{"rendered":"<p>INSEKTENSTERBEN noch dramatischer&#8230; Eine M\u00fcnchner Studie entdeckt bedenkliche R\u00fcckg\u00e4nge auf Wiesen, aber auch in W\u00e4ldern und Schutzgebieten &#8211; und das in kurzer Zeit. (=&gt;\u00a0https:\/\/www.spektrum.de\/news\/insektensterben-hier-zu-lande-noch-dramatischer\/1682738?utm_medium=newsletter&amp;utm_source=sdw-nl&amp;utm_campaign=sdw-nl-daily&amp;utm_content=heute<\/p>\n","protected":false},"author":2,"featured_media":0,"comment_status":"open","ping_status":"closed","sticky":false,"template":"","format":"standard","meta":{"footnotes":""},"categories":[1],"tags":[],"class_list":["post-4387","post","type-post","status-publish","format-standard","hentry","category-der-wald"],"_links":{"self":[{"href":"https:\/\/waldkritik.de\/index.php?rest_route=\/wp\/v2\/posts\/4387","targetHints":{"allow":["GET"]}}],"collection":[{"href":"https:\/\/waldkritik.de\/index.php?rest_route=\/wp\/v2\/posts"}],"about":[{"href":"https:\/\/waldkritik.de\/index.php?rest_route=\/wp\/v2\/types\/post"}],"author":[{"embeddable":true,"href":"https:\/\/waldkritik.de\/index.php?rest_route=\/wp\/v2\/users\/2"}],"replies":[{"embeddable":true,"href":"https:\/\/waldkritik.de\/index.php?rest_route=%2Fwp%2Fv2%2Fcomments&post=4387"}],"version-history":[{"count":3,"href":"https:\/\/waldkritik.de\/index.php?rest_route=\/wp\/v2\/posts\/4387\/revisions"}],"predecessor-version":[{"id":4391,"href":"https:\/\/waldkritik.de\/index.php?rest_route=\/wp\/v2\/posts\/4387\/revisions\/4391"}],"wp:attachment":[{"href":"https:\/\/waldkritik.de\/index.php?rest_route=%2Fwp%2Fv2%2Fmedia&parent=4387"}],"wp:term":[{"taxonomy":"category","embeddable":true,"href":"https:\/\/waldkritik.de\/index.php?rest_route=%2Fwp%2Fv2%2Fcategories&post=4387"},{"taxonomy":"post_tag","embeddable":true,"href":"https:\/\/waldkritik.de\/index.php?rest_route=%2Fwp%2Fv2%2Ftags&post=4387"}],"curies":[{"name":"wp","href":"https:\/\/api.w.org\/{rel}","templated":true}]}}