{"id":499,"date":"2015-01-14T11:43:40","date_gmt":"2015-01-14T09:43:40","guid":{"rendered":"http:\/\/waldkritik.de\/?p=499"},"modified":"2016-08-14T10:56:04","modified_gmt":"2016-08-14T08:56:04","slug":"2015-ist-das-jahr-des-bodens","status":"publish","type":"post","link":"https:\/\/waldkritik.de\/?p=499","title":{"rendered":"2015 ist das Jahr des Bodens"},"content":{"rendered":"<p style=\"text-align: justify;\">Liebe Freunde der Initiative Waldkritik,<\/p>\n<p style=\"text-align: justify;\">anl\u00e4\u00dflich des <em><strong>Jahres des Bodens<\/strong><\/em> haben wir uns entschlossen, in loser Folge immer wieder besonders &#8216;gelungene Beispiele&#8217; der Bodenzerst\u00f6rung hier zu ver\u00f6ffentlichen.<a href=\"https:\/\/waldkritik.de\/wp-content\/uploads\/2015\/01\/Waldboden_Sch\u00f6nbuch_14I15_0011.jpg\"><img loading=\"lazy\" decoding=\"async\" class=\"aligncenter size-full wp-image-504\" src=\"https:\/\/waldkritik.de\/wp-content\/uploads\/2015\/01\/Waldboden_Sch\u00f6nbuch_14I15_0011.jpg\" alt=\"Waldboden_Sch\u00f6nbuch_14I15_001\" width=\"1000\" height=\"1000\" srcset=\"https:\/\/waldkritik.de\/wp-content\/uploads\/2015\/01\/Waldboden_Sch\u00f6nbuch_14I15_0011.jpg 1000w, https:\/\/waldkritik.de\/wp-content\/uploads\/2015\/01\/Waldboden_Sch\u00f6nbuch_14I15_0011-150x150.jpg 150w, https:\/\/waldkritik.de\/wp-content\/uploads\/2015\/01\/Waldboden_Sch\u00f6nbuch_14I15_0011-300x300.jpg 300w\" sizes=\"auto, (max-width: 1000px) 100vw, 1000px\" \/><\/a><\/p>\n<p style=\"text-align: justify;\">Wenn man besonders zynisch sein wollte, was wir nat\u00fcrlich nicht sind, k\u00f6nnte man bei dem obigen Bild auch auf die Idee kommen, da\u00df hier flei\u00dfige H\u00e4nde samt ihrer Maschinen am Werk waren, um m\u00f6glichst viele neue Feuchtbiotope f\u00fcr die ber\u00fchmte Gelbbauchunke und ihre Kollegen einzurichten.<\/p>\n<p style=\"text-align: justify;\">Die Fahrspuren halten das Wasser wunderbar, wie man auf dem Bild unschwer erkennen kann, denn der Waldboden wird nach unten hin perfekt verdichtet, soda\u00df in den n\u00e4chsten 10 bis 20 Jahren sicher nichts passieren wird, in dem Sinne, da\u00df der Boden wieder seine urspr\u00fcnglich Lebenskraft zur\u00fcckgewinnt.<\/p>\n<p style=\"text-align: justify;\">Bei Forstwirtschaft und Waldernte haben wir ein fantastisches Beispiel, wie bei uns \u00f6konomisch ertragreiches Wirtschaften funktioniert, die einen machen die Profite und die anderen zahlen die Zeche, wir holen uns aus dem Wald, was wir f\u00fcr unsere Wirtschaft brauchen und wir geben dem Wald seine eigene Zerst\u00f6rung zur\u00fcck. Denn m\u00fc\u00dften wir nach dem Grundsatz vorgehen, da\u00df niemand sehen kann, da\u00df wir im Wald geerntet haben, m\u00fc\u00dften wir also die Sch\u00e4den, die wir anrichten, wieder perfekt reparieren, dann w\u00fcrde das Holz endlich den Preis bekommen, den es wirklich hat und nicht den, der der sogenannte freie Markt generiert.<\/p>\n<p style=\"text-align: justify;\">Wir m\u00fcssen uns doch alle selbst immer wieder fragen, sollen wir wirklich unsere Lebensgrundlagen zerst\u00f6ren, zu denen nunmal ein intakter Wald auf einem intakten Waldboden geh\u00f6rt, nur um z.B. an billiges Brennholz f\u00fcr unsere neumodischen Palett\u00f6fen zu gelangen.<\/p>\n<p style=\"text-align: justify;\">Man mu\u00df zugeben, da\u00df ist polemisch argumentiert, aber ist es nicht auch polemisch und lebensverachtend, wenn wir durch unseren Maschineneinsatz in Wahrheit Waldb\u00f6den zerst\u00f6ren und dann noch gleichzeitig die Feuchtbiotope, sozusagen als moderne Industrieruinen, dann wieder als sch\u00fctzenswert erachten, um ein paar Jahre sp\u00e4ter 10 Meter weiter wieder neue Bodenzerst\u00f6rung betreiben &#8230;<\/p>\n<p style=\"text-align: justify;\">Fortsetzung folgt!<\/p>\n","protected":false},"excerpt":{"rendered":"<p>Liebe Freunde der Initiative Waldkritik, anl\u00e4\u00dflich des Jahres des Bodens haben wir uns entschlossen, in loser Folge immer wieder besonders &#8216;gelungene Beispiele&#8217; der Bodenzerst\u00f6rung hier zu ver\u00f6ffentlichen. Wenn man besonders zynisch sein wollte, was wir nat\u00fcrlich nicht sind, k\u00f6nnte man bei dem obigen Bild auch auf die Idee kommen, da\u00df hier flei\u00dfige H\u00e4nde samt ihrer &hellip; <a href=\"https:\/\/waldkritik.de\/?p=499\" class=\"more-link\"><span class=\"screen-reader-text\">2015 ist das Jahr des Bodens<\/span> weiterlesen <span class=\"meta-nav\">&rarr;<\/span><\/a><\/p>\n","protected":false},"author":1,"featured_media":0,"comment_status":"open","ping_status":"closed","sticky":false,"template":"","format":"standard","meta":{"footnotes":""},"categories":[1,5],"tags":[250,951,29,83,99,950,763,948,249],"class_list":["post-499","post","type-post","status-publish","format-standard","hentry","category-der-wald","category-schoenbuch","tag-bodenschutzkonzept-schoenbuch","tag-fahrspur-feuchtbiotop","tag-forstwirtschaft","tag-gelbbauchunke","tag-holzernte","tag-industrieruine","tag-jahr-des-bodens","tag-maschineneinsaetze-bodenzerstoerung","tag-naturpark-schoenbuch"],"_links":{"self":[{"href":"https:\/\/waldkritik.de\/index.php?rest_route=\/wp\/v2\/posts\/499","targetHints":{"allow":["GET"]}}],"collection":[{"href":"https:\/\/waldkritik.de\/index.php?rest_route=\/wp\/v2\/posts"}],"about":[{"href":"https:\/\/waldkritik.de\/index.php?rest_route=\/wp\/v2\/types\/post"}],"author":[{"embeddable":true,"href":"https:\/\/waldkritik.de\/index.php?rest_route=\/wp\/v2\/users\/1"}],"replies":[{"embeddable":true,"href":"https:\/\/waldkritik.de\/index.php?rest_route=%2Fwp%2Fv2%2Fcomments&post=499"}],"version-history":[{"count":6,"href":"https:\/\/waldkritik.de\/index.php?rest_route=\/wp\/v2\/posts\/499\/revisions"}],"predecessor-version":[{"id":509,"href":"https:\/\/waldkritik.de\/index.php?rest_route=\/wp\/v2\/posts\/499\/revisions\/509"}],"wp:attachment":[{"href":"https:\/\/waldkritik.de\/index.php?rest_route=%2Fwp%2Fv2%2Fmedia&parent=499"}],"wp:term":[{"taxonomy":"category","embeddable":true,"href":"https:\/\/waldkritik.de\/index.php?rest_route=%2Fwp%2Fv2%2Fcategories&post=499"},{"taxonomy":"post_tag","embeddable":true,"href":"https:\/\/waldkritik.de\/index.php?rest_route=%2Fwp%2Fv2%2Ftags&post=499"}],"curies":[{"name":"wp","href":"https:\/\/api.w.org\/{rel}","templated":true}]}}