{"id":515,"date":"2015-01-16T13:40:36","date_gmt":"2015-01-16T11:40:36","guid":{"rendered":"http:\/\/waldkritik.de\/?p=515"},"modified":"2015-01-16T13:40:36","modified_gmt":"2015-01-16T11:40:36","slug":"ein-kommentar-aus-der-kunst-zu-unserem-letzten-beitrag","status":"publish","type":"post","link":"https:\/\/waldkritik.de\/?p=515","title":{"rendered":"Ein Kommentar aus der Kunst zu unserem letzten Beitrag!"},"content":{"rendered":"<p style=\"text-align: justify;\"><span style=\"color: #000000;\">Liebe Freunde der Initiative Waldkritik,<\/span><\/p>\n<p style=\"text-align: justify;\">unser Mitstreiter &#8211; Harald Kunz &#8211; wurde von unserem letzten Beitrag so stark angesprochen, da\u00df er spontan die nachfolgende Zeichnung unter dem Titel &#8220;<em><strong>. . . wir schaffen unverwechselbaren Lebensraum<\/strong><\/em>&#8221; geschaffen hat.<br \/>\nWie es immer so ist: <em>ein Bild sagt mehr als tausend Worte<\/em>. Wir freuen uns, hier ein besonders gelungenes Beispiel f\u00fcr diese Aussage Ihnen pr\u00e4sentieren zu d\u00fcrfen &#8230;<\/p>\n<p><a href=\"https:\/\/waldkritik.de\/wp-content\/uploads\/2015\/01\/Bild006.jpg\"><img loading=\"lazy\" decoding=\"async\" class=\"aligncenter size-full wp-image-516\" src=\"https:\/\/waldkritik.de\/wp-content\/uploads\/2015\/01\/Bild006.jpg\" alt=\"Bild006\" width=\"2023\" height=\"1665\" srcset=\"https:\/\/waldkritik.de\/wp-content\/uploads\/2015\/01\/Bild006.jpg 2023w, https:\/\/waldkritik.de\/wp-content\/uploads\/2015\/01\/Bild006-300x247.jpg 300w, https:\/\/waldkritik.de\/wp-content\/uploads\/2015\/01\/Bild006-1024x843.jpg 1024w\" sizes=\"auto, (max-width: 2023px) 100vw, 2023px\" \/><\/a><\/p>\n","protected":false},"excerpt":{"rendered":"<p>Liebe Freunde der Initiative Waldkritik, unser Mitstreiter &#8211; Harald Kunz &#8211; wurde von unserem letzten Beitrag so stark angesprochen, da\u00df er spontan die nachfolgende Zeichnung unter dem Titel &#8220;. . . wir schaffen unverwechselbaren Lebensraum&#8221; geschaffen hat. Wie es immer so ist: ein Bild sagt mehr als tausend Worte. Wir freuen uns, hier ein besonders &hellip; <a href=\"https:\/\/waldkritik.de\/?p=515\" class=\"more-link\"><span class=\"screen-reader-text\">Ein Kommentar aus der Kunst zu unserem letzten Beitrag!<\/span> weiterlesen <span class=\"meta-nav\">&rarr;<\/span><\/a><\/p>\n","protected":false},"author":1,"featured_media":0,"comment_status":"open","ping_status":"closed","sticky":false,"template":"","format":"standard","meta":{"footnotes":""},"categories":[53],"tags":[],"class_list":["post-515","post","type-post","status-publish","format-standard","hentry","category-fotogalerie"],"_links":{"self":[{"href":"https:\/\/waldkritik.de\/index.php?rest_route=\/wp\/v2\/posts\/515","targetHints":{"allow":["GET"]}}],"collection":[{"href":"https:\/\/waldkritik.de\/index.php?rest_route=\/wp\/v2\/posts"}],"about":[{"href":"https:\/\/waldkritik.de\/index.php?rest_route=\/wp\/v2\/types\/post"}],"author":[{"embeddable":true,"href":"https:\/\/waldkritik.de\/index.php?rest_route=\/wp\/v2\/users\/1"}],"replies":[{"embeddable":true,"href":"https:\/\/waldkritik.de\/index.php?rest_route=%2Fwp%2Fv2%2Fcomments&post=515"}],"version-history":[{"count":3,"href":"https:\/\/waldkritik.de\/index.php?rest_route=\/wp\/v2\/posts\/515\/revisions"}],"predecessor-version":[{"id":519,"href":"https:\/\/waldkritik.de\/index.php?rest_route=\/wp\/v2\/posts\/515\/revisions\/519"}],"wp:attachment":[{"href":"https:\/\/waldkritik.de\/index.php?rest_route=%2Fwp%2Fv2%2Fmedia&parent=515"}],"wp:term":[{"taxonomy":"category","embeddable":true,"href":"https:\/\/waldkritik.de\/index.php?rest_route=%2Fwp%2Fv2%2Fcategories&post=515"},{"taxonomy":"post_tag","embeddable":true,"href":"https:\/\/waldkritik.de\/index.php?rest_route=%2Fwp%2Fv2%2Ftags&post=515"}],"curies":[{"name":"wp","href":"https:\/\/api.w.org\/{rel}","templated":true}]}}