{"id":52,"date":"2014-07-12T00:03:06","date_gmt":"2014-07-11T22:03:06","guid":{"rendered":"http:\/\/waldkritik.de\/?p=52"},"modified":"2016-07-24T16:48:11","modified_gmt":"2016-07-24T14:48:11","slug":"waldmanns-welt","status":"publish","type":"post","link":"https:\/\/waldkritik.de\/?p=52","title":{"rendered":"Waldmanns Welt"},"content":{"rendered":"<p><em>Collage mit Textteilen der Webseite von ForstBW<\/em><\/p>\n<p><strong>Wild auf Wald,<\/strong><br \/>\n<strong> effektiv und effizient-<\/strong><br \/>\n<strong> landesweit<\/strong><br \/>\n<strong> -die Marke ForstBW.<\/strong><br \/>\n<strong> Ausdruck von Verantwortung,<\/strong><br \/>\n<strong> die den Wald ausbalanciert-<\/strong><br \/>\nund der Wald w\u00e4chst.<\/p>\n<p><strong>Wild auf Wald,<\/strong><br \/>\n<strong> denn den Duft von feuchtem Moos<\/strong><br \/>\n<strong> gibt es zum Nulltarif.<\/strong><br \/>\n<strong> Gleich nebenan,<\/strong><br \/>\n<strong> stehen sie uneingeschr\u00e4nkt bereit, die<\/strong><br \/>\n<strong> \u00fcbrigen Funktionen-<\/strong><br \/>\nund der Wald der w\u00e4chst.<\/p>\n<p><strong>Wild auf Wald\u2026<\/strong><br \/>\n<strong> \u00d6kologischer Ansatz,<\/strong><br \/>\n<strong> \u00f6konomische Perspektive,<\/strong><br \/>\n<strong> betriebswirtschaftlicher Nutzen,<\/strong><br \/>\n<strong> langfristiger Schutz,<\/strong><br \/>\n<strong> auf einer Fl\u00e4che kombiniert-<\/strong><br \/>\nund der Wald der w\u00e4chst und w\u00e4chst.<\/p>\n<p><strong>Wild auf Wald\u2026<\/strong><br \/>\n<strong> wo der Wald, ist ForstBW.<\/strong><br \/>\n<strong> Mit der Natur im Team,<\/strong><br \/>\n<strong> denn wir sch\u00fctzen was wir n\u00fctzen.<\/strong><br \/>\n<strong> Gleichzeitig und fortw\u00e4hrend<\/strong><br \/>\n<strong> schaffen wir die Zukunft-<\/strong><br \/>\nund der Wald der w\u00e4chst und w\u00e4chst und w\u00e4chst.<\/p>\n<p><strong>Wild auf Wald\u2026<\/strong><br \/>\n<strong> Zielst\u00e4rkennutzung,<\/strong><br \/>\n<strong> Umtriebszeit gleich Lebensspanne Baum-<\/strong><br \/>\n<strong> mehrj\u00e4hrige Pflanze,<\/strong><br \/>\n<strong> Wurzel, Stamm und Krone-<\/strong><br \/>\nund der Wald der w\u00e4chst und w\u00e4chst und w\u00e4chst und w\u00e4chst.<\/p>\n<p><strong>Wild auf Wald\u2026<\/strong><br \/>\n<strong> besserw\u00fcchsig optimiert-<\/strong><br \/>\n<strong> Machbarkeit und Steigerung der Produktion,<\/strong><br \/>\n<strong> FSC-zertifiziert.<\/strong><br \/>\n<strong> \u2026R\u00fcckegassen,<\/strong> Leichenstrecke \u2013 Bodentod!<\/p>\n<p><strong>Wild auf Wald! Und der Wald des Jahres w\u00e4chst!<\/strong><\/p>\n","protected":false},"excerpt":{"rendered":"<p>Collage mit Textteilen der Webseite von ForstBW Wild auf Wald, effektiv und effizient- landesweit -die Marke ForstBW. Ausdruck von Verantwortung, die den Wald ausbalanciert- und der Wald w\u00e4chst. Wild auf Wald, denn den Duft von feuchtem Moos gibt es zum Nulltarif. Gleich nebenan, stehen sie uneingeschr\u00e4nkt bereit, die \u00fcbrigen Funktionen- und der Wald der w\u00e4chst. &hellip; <a href=\"https:\/\/waldkritik.de\/?p=52\" class=\"more-link\"><span class=\"screen-reader-text\">Waldmanns Welt<\/span> weiterlesen <span class=\"meta-nav\">&rarr;<\/span><\/a><\/p>\n","protected":false},"author":2,"featured_media":0,"comment_status":"open","ping_status":"closed","sticky":false,"template":"","format":"standard","meta":{"footnotes":""},"categories":[6],"tags":[355,354],"class_list":["post-52","post","type-post","status-publish","format-standard","hentry","category-baden-wuerttemberg","tag-harald-kunz","tag-webseite-forstbw"],"_links":{"self":[{"href":"https:\/\/waldkritik.de\/index.php?rest_route=\/wp\/v2\/posts\/52","targetHints":{"allow":["GET"]}}],"collection":[{"href":"https:\/\/waldkritik.de\/index.php?rest_route=\/wp\/v2\/posts"}],"about":[{"href":"https:\/\/waldkritik.de\/index.php?rest_route=\/wp\/v2\/types\/post"}],"author":[{"embeddable":true,"href":"https:\/\/waldkritik.de\/index.php?rest_route=\/wp\/v2\/users\/2"}],"replies":[{"embeddable":true,"href":"https:\/\/waldkritik.de\/index.php?rest_route=%2Fwp%2Fv2%2Fcomments&post=52"}],"version-history":[{"count":2,"href":"https:\/\/waldkritik.de\/index.php?rest_route=\/wp\/v2\/posts\/52\/revisions"}],"predecessor-version":[{"id":54,"href":"https:\/\/waldkritik.de\/index.php?rest_route=\/wp\/v2\/posts\/52\/revisions\/54"}],"wp:attachment":[{"href":"https:\/\/waldkritik.de\/index.php?rest_route=%2Fwp%2Fv2%2Fmedia&parent=52"}],"wp:term":[{"taxonomy":"category","embeddable":true,"href":"https:\/\/waldkritik.de\/index.php?rest_route=%2Fwp%2Fv2%2Fcategories&post=52"},{"taxonomy":"post_tag","embeddable":true,"href":"https:\/\/waldkritik.de\/index.php?rest_route=%2Fwp%2Fv2%2Ftags&post=52"}],"curies":[{"name":"wp","href":"https:\/\/api.w.org\/{rel}","templated":true}]}}