{"id":602,"date":"2015-01-28T21:36:10","date_gmt":"2015-01-28T19:36:10","guid":{"rendered":"http:\/\/waldkritik.de\/?p=602"},"modified":"2016-08-14T10:53:32","modified_gmt":"2016-08-14T08:53:32","slug":"nachlese-zum-schoenbuch-als-wald-des-jahres-2014","status":"publish","type":"post","link":"https:\/\/waldkritik.de\/?p=602","title":{"rendered":"Nachlese zum Sch\u00f6nbuch als Wald des Jahres 2014!"},"content":{"rendered":"<p style=\"text-align: justify;\">Liebe Freunde der Initiative Waldkritik,<br \/>\nam 23.1.2015 hat der Forst BW auf Youtube einen R\u00fcckblick auf das Jahr 2014, in dem der Sch\u00f6nbuch &#8220;Wald des Jahres war&#8221; ver\u00f6ffentlicht.<\/p>\n<p style=\"text-align: justify;\">Nichts liegt uns ferner als die &#8220;Ewigen Miesepeter&#8221; zu geben, die mit ihrer st\u00e4ndigen N\u00f6rgelei die wunderbare, feierliche Stimmung des Videos \u00fcber den Sch\u00f6nbuch und seine edlen, besch\u00fctzenden und pflegenden <em>Gr\u00fcnen Ritter vom Forst<\/em> BW, zu durchkreuzen.<\/p>\n<p style=\"text-align: justify;\">Aber seht Euch doch mal die nachfolgenden Bilder an, die wir an einem &#8220;normalen&#8221; Dienstag, den 13. Januar 2015, im Sch\u00f6nbuch, kurz vor Mittag, fu\u00dfl\u00e4ufig, in einer knappen Stunde fotografieren haben und leider zur Kenntnis nehmen mu\u00dften.<br \/>\n<a href=\"https:\/\/waldkritik.de\/wp-content\/uploads\/2015\/01\/Waldbodenschaeden_im_Schoenbuch.jpg\"><img loading=\"lazy\" decoding=\"async\" class=\"aligncenter size-full wp-image-603\" src=\"https:\/\/waldkritik.de\/wp-content\/uploads\/2015\/01\/Waldbodenschaeden_im_Schoenbuch.jpg\" alt=\"Waldbodenschaeden_im_Schoenbuch\" width=\"1350\" height=\"1016\" srcset=\"https:\/\/waldkritik.de\/wp-content\/uploads\/2015\/01\/Waldbodenschaeden_im_Schoenbuch.jpg 1350w, https:\/\/waldkritik.de\/wp-content\/uploads\/2015\/01\/Waldbodenschaeden_im_Schoenbuch-300x226.jpg 300w, https:\/\/waldkritik.de\/wp-content\/uploads\/2015\/01\/Waldbodenschaeden_im_Schoenbuch-1024x771.jpg 1024w\" sizes=\"auto, (max-width: 1350px) 100vw, 1350px\" \/><\/a><br \/>\nSieht so ein pfleglicher Umgang mit dem Wald aus, wie er uns im Film des Forst BW weiter unter suggeriert wird? Klar solche Bilder h\u00e4tten nat\u00fcrlich auch nicht in Drehbuch gepa\u00dft! Zweifellos kann man zu Fu\u00df und bei Radtouren den Sch\u00f6nbuch in all seiner Sch\u00f6nheit genie\u00dfen, aber, liebe Freunde, woran liegt das, das liegt doch wohl in erster Linie an der Gro\u00dfartigkeit der Natur! Die in ihrer Gro\u00dfz\u00fcgigkeit immer wieder verzeiht und viele S\u00fcnden des Menschen an ihr zu heilen versucht wenn Sie sich auch vieler Orts immer schwerer damit tut, vor allem in Zeiten des Klimawandels!<\/p>\n<p style=\"text-align: justify;\">Was in dem Film dargestellt wird, ist ein Etikettenschwindel. Hier benutzt der Forst BW Leistungen Anderer, in diesem Fall der Natur, um sie sich selbst auf seine Fahne zu schreiben. Hier w\u00e4re etwas mehr Bescheidenheit und Ehrlichkeit angebracht!<\/p>\n<p style=\"text-align: justify;\">Dieses wunderbare Naturschauspiel, da\u00df uns der Sch\u00f6nbuch entlang des gesamten Jahreslaufes bietet, ist aber nur die eine Seite, die man aber nicht mit der anderen Seite verrechnen kann und darf und das sind die Wunden, die die Menschen dem Wald und seinem Boden immer wieder zuf\u00fcgen.<\/p>\n<p style=\"text-align: justify;\">Und solange das so ist, werden wir unsere Finger auch in die Wunden legen m\u00fcssen, ohne die Sch\u00f6nheit der Natur dar\u00fcber zu vergessen &#8230;<\/p>\n<p style=\"text-align: justify;\">Nach dieser kleinen Vorrede, sehen Sie nun die Nachlese des Forst BW zum Sch\u00f6nbuch als Wald des Jahres 2014. . .<\/p>\n<p><iframe loading=\"lazy\" title=\"ForstBW - der Sch\u00f6nbuch, ein Naturpark vor den Toren Stuttgarts\" width=\"474\" height=\"267\" src=\"https:\/\/www.youtube.com\/embed\/g0NWr15sIB0?feature=oembed\" frameborder=\"0\" allow=\"accelerometer; autoplay; clipboard-write; encrypted-media; gyroscope; picture-in-picture; web-share\" referrerpolicy=\"strict-origin-when-cross-origin\" allowfullscreen><\/iframe><\/p>\n","protected":false},"excerpt":{"rendered":"<p>Liebe Freunde der Initiative Waldkritik, am 23.1.2015 hat der Forst BW auf Youtube einen R\u00fcckblick auf das Jahr 2014, in dem der Sch\u00f6nbuch &#8220;Wald des Jahres war&#8221; ver\u00f6ffentlicht. Nichts liegt uns ferner als die &#8220;Ewigen Miesepeter&#8221; zu geben, die mit ihrer st\u00e4ndigen N\u00f6rgelei die wunderbare, feierliche Stimmung des Videos \u00fcber den Sch\u00f6nbuch und seine edlen, &hellip; <a href=\"https:\/\/waldkritik.de\/?p=602\" class=\"more-link\"><span class=\"screen-reader-text\">Nachlese zum Sch\u00f6nbuch als Wald des Jahres 2014!<\/span> weiterlesen <span class=\"meta-nav\">&rarr;<\/span><\/a><\/p>\n","protected":false},"author":1,"featured_media":0,"comment_status":"open","ping_status":"closed","sticky":false,"template":"","format":"standard","meta":{"footnotes":""},"categories":[5],"tags":[187,989,993,990,249,992,114,163,797],"class_list":["post-602","post","type-post","status-publish","format-standard","hentry","category-schoenbuch","tag-forstbw","tag-landkreis-bb","tag-landkreis-es","tag-landkreis-tue","tag-naturpark-schoenbuch","tag-rt","tag-schoenbuch","tag-tuebingen","tag-wald-des-jahres-2014"],"_links":{"self":[{"href":"https:\/\/waldkritik.de\/index.php?rest_route=\/wp\/v2\/posts\/602","targetHints":{"allow":["GET"]}}],"collection":[{"href":"https:\/\/waldkritik.de\/index.php?rest_route=\/wp\/v2\/posts"}],"about":[{"href":"https:\/\/waldkritik.de\/index.php?rest_route=\/wp\/v2\/types\/post"}],"author":[{"embeddable":true,"href":"https:\/\/waldkritik.de\/index.php?rest_route=\/wp\/v2\/users\/1"}],"replies":[{"embeddable":true,"href":"https:\/\/waldkritik.de\/index.php?rest_route=%2Fwp%2Fv2%2Fcomments&post=602"}],"version-history":[{"count":13,"href":"https:\/\/waldkritik.de\/index.php?rest_route=\/wp\/v2\/posts\/602\/revisions"}],"predecessor-version":[{"id":683,"href":"https:\/\/waldkritik.de\/index.php?rest_route=\/wp\/v2\/posts\/602\/revisions\/683"}],"wp:attachment":[{"href":"https:\/\/waldkritik.de\/index.php?rest_route=%2Fwp%2Fv2%2Fmedia&parent=602"}],"wp:term":[{"taxonomy":"category","embeddable":true,"href":"https:\/\/waldkritik.de\/index.php?rest_route=%2Fwp%2Fv2%2Fcategories&post=602"},{"taxonomy":"post_tag","embeddable":true,"href":"https:\/\/waldkritik.de\/index.php?rest_route=%2Fwp%2Fv2%2Ftags&post=602"}],"curies":[{"name":"wp","href":"https:\/\/api.w.org\/{rel}","templated":true}]}}