{"id":608,"date":"2015-01-28T23:37:53","date_gmt":"2015-01-28T21:37:53","guid":{"rendered":"http:\/\/waldkritik.de\/?p=608"},"modified":"2016-08-12T22:47:03","modified_gmt":"2016-08-12T20:47:03","slug":"warum-engagiere-ich-mich-gedankenspuren","status":"publish","type":"post","link":"https:\/\/waldkritik.de\/?p=608","title":{"rendered":"Warum engagiere ich mich? Gedankenspuren&#8230;"},"content":{"rendered":"<p style=\"text-align: justify;\">Ich will f\u00fcr eine\u00a0 Landschaft eintreten die in meinem Leben sehr\u00a0 bedeutsam gewesen ist und bedeutsam bleiben wird\u2026 es ist der Sch\u00f6nbuch!<\/p>\n<p style=\"text-align: justify;\">Ebene Fluren, aufsteigende H\u00f6hen, Bergr\u00fccken, Einschnitte, H\u00fcgel, Mulden, T\u00e4ler modellieren die Lebensgrundlage f\u00fcr Pflanzen, Tiere, Menschen, Siedlungen.<\/p>\n<p style=\"text-align: justify;\">Kindheit, ich erinnere mich an Bachl\u00e4ufe an deren R\u00e4nder eingefasst mit Sauergr\u00e4sern, dem M\u00e4des\u00fc\u00df mit seinem Duft, b\u00e4uchlings liegend den Wurzelausl\u00e4ufern mit den Fingern folgend der Versuch, die Krebse in dem klaren Wasser hinter den Zangen zu erhaschen.<\/p>\n<p style=\"text-align: justify;\">Dem nimmerm\u00fcden Unterfangen die Elritze mit blo\u00dfen H\u00e4nden zu gewinnen, Buschwindr\u00f6schen in den lauen Fr\u00fchlingsl\u00fcftend bebend, Himbeerranken, Gewitterst\u00fcrme, Steinpilze an stillen moosges\u00e4umten Orten, farbiges Blattwerk, tiefstehendes Sonnenlicht mit langen Schatten, Nebelschwaden, Schneekristalle, feines Knistern auf der Laubspreu.<\/p>\n<p style=\"text-align: justify;\">Ich spreche von den Buchen, den Eichen in m\u00e4chtige Kronen aufstrebend, lichtdurchflutet in den Himmel eintauchend, Rippengew\u00f6lbe, Spitzb\u00f6gen, Strebepfeiler, Verbindung zwischen Erde und Himmel. Dunklem Fichtengrund in seinen Wipfeln leiser Wind\u2026<\/p>\n<p style=\"text-align: justify;\">Ein Lager angelehnt an die Sturmwurzel einer Fichte, der Boden\u00a0 ausgekleidet mit Moos. Sein Standort geheim, Eingeweihten allein bekannt.\u00a0 Ich erinnere mich an die Zelte, an die Feuer, Gitarren- klang, Lieder\u2026 Erfahrungen in der Gruppe<\/p>\n<p style=\"text-align: justify;\">Ich versichere Ihnen, dass ich das keckernde Eichh\u00f6rnchen kenne, die Haselmaus unter Str\u00e4uchern gesehen habe, dass ich mich \u00fcber das Kreischen des Eichelh\u00e4hers \u00e4rgerte, wenn er\u00a0 meine heimliche Anwesenheit kundtat. Ich habe dem Ruf der K\u00e4uzchen gelauscht der vom Mondlicht begleitet an mein Ohr drang. Ganz ohne Furcht im Zwielicht, warme Luft ber\u00fchrte das Hemdchen, den Leib, im Ohr pochte das Blut- aufmerksam ins Dunkle gerichtet.<\/p>\n<p style=\"text-align: justify;\">Ich bin den\u00a0 Besonderheiten der Sandsteinbl\u00f6cke oberhalb der Schwende gefolgt und zwischen den Moosen, den Gr\u00e4sern, an den Stammans\u00e4tzen fand ich die verschiedensten Lebenszeichen. Ich sank an nassen Stellen ein, durchdrang Jungbest\u00e4nde, lie\u00df mich an den Kronen der Buchen nieder.<\/p>\n<p style=\"text-align: justify;\">Ich erinnere mich der M\u00fche unseren j\u00e4hrlichen Holzvorrat einzubringen &#8211; s\u00e4gend, schleppend, stolpernd, stapelnd, die Abfuhr nach Hause, Langholz das eingek\u00fcrzt werden musste, gemeinsame Vesper\u2026<\/p>\n<p style=\"text-align: justify;\">Ich kenne die Arbeit mit Spaltblock, Axt und Hacke, wei\u00df Scheite in stabilen Schichten aufzustapeln, empfinde die kalte Winterluft, erinnere mich der Wege mit dem Holzkorb, an die\u00a0 Sp\u00e4chtele und an das Streichholz \u2026 ein Feuer machen, warme Zimmer, K\u00fcchend\u00fcfte, an das Tellergeklirr und den Ruf der Mutter.<\/p>\n<p style=\"text-align: justify;\">Mit dem Untergang der Sonne endeten die Felder und Fluren. Der Blick stie\u00df dann auf einen dunkler werdenden Waldriegel, Abschluss des Sehfeldes \u2013 zur\u00fcck nach innen\u2026<\/p>\n<p style=\"text-align: justify;\">Kriegsende, Ankunft und Neuanfang der Familie in einer kleinen Gemeinde am Rande des Sch\u00f6nbuchs, Orientierungsversuch in einer neuen Umgebung, Eingesessene, die Fremde, damals waren es wir Fl\u00fcchtlinge, nicht mochten\u2026<\/p>\n<p style=\"text-align: justify;\">In der Landschaft von der ich spreche fand ich die lebensnotwendige Freiheit, die ich vonn\u00f6ten hatte, in der ich auftauchen konnte<\/p>\n<p style=\"text-align: justify;\">Ich war unterwegs, gewann Einblicke, Naturwissenschaft\u2026 P\u00e4dagogik, ein Kunststudium in Wien. Ich war\u00a0 an einer Schule t\u00e4tig. Von meiner Arbeit hat man gesagt, dass ich sie engagiert getan h\u00e4tte.<\/p>\n<p style=\"text-align: justify;\">Der Lebensraum Wald, die Aneignung der Natur durch den Menschen, die Achtung vor der Sch\u00f6pfung waren mir wichtige Inhalte in der Erziehung\u00a0 unserer S\u00f6hne und in meiner Berufst\u00e4tigkeit als Lehrer. In Zusammenarbeit mit der Forstverwaltung Herrenberg ist ein Projekt entstanden, welches\u00a0 durch seine Grund\u00fcberlegungen und deren Verkn\u00fcpfung Anerkennung in Fachkreisen fand.<\/p>\n<p style=\"text-align: justify;\">Ich will f\u00fcr den Sch\u00f6nbuch eintreten, der Ihnen, der mir vertraut ist &#8211; dem unsere gemeinsame Wertsch\u00e4tzung gilt.<\/p>\n<p style=\"text-align: justify;\">Um diesen Sch\u00f6nbuch soll es gehen. Anlass dazu ist die Sorge um den Verlust der Bodenfruchtbarkeit. Geologen weisen eindringlich auf Sch\u00e4den die entstanden sind, auf die St\u00f6rung der Pufferwirkung, des Filtersystems, auf den Stickstoffeintrag und ganz besonders auf die schweren St\u00f6rungen durch die mechanische Belastung, ausgel\u00f6st durch Forstmaschineneins\u00e4tze.<\/p>\n<p style=\"text-align: justify;\">Ein wertsch\u00e4tzender Umgang mit den B\u00f6den im Sch\u00f6nbuch ist f\u00fcr uns alle von allergr\u00f6\u00dfter Bedeutung.\u00a0 Ich hoffe und w\u00fcnsche, dass dies bald gelingen kann.<\/p>\n","protected":false},"excerpt":{"rendered":"<p>Ich will f\u00fcr eine\u00a0 Landschaft eintreten die in meinem Leben sehr\u00a0 bedeutsam gewesen ist und bedeutsam bleiben wird\u2026 es ist der Sch\u00f6nbuch! Ebene Fluren, aufsteigende H\u00f6hen, Bergr\u00fccken, Einschnitte, H\u00fcgel, Mulden, T\u00e4ler modellieren die Lebensgrundlage f\u00fcr Pflanzen, Tiere, Menschen, Siedlungen. Kindheit, ich erinnere mich an Bachl\u00e4ufe an deren R\u00e4nder eingefasst mit Sauergr\u00e4sern, dem M\u00e4des\u00fc\u00df mit seinem &hellip; <a href=\"https:\/\/waldkritik.de\/?p=608\" class=\"more-link\"><span class=\"screen-reader-text\">Warum engagiere ich mich? Gedankenspuren&#8230;<\/span> weiterlesen <span class=\"meta-nav\">&rarr;<\/span><\/a><\/p>\n","protected":false},"author":2,"featured_media":0,"comment_status":"open","ping_status":"closed","sticky":false,"template":"","format":"standard","meta":{"footnotes":""},"categories":[52,1,5],"tags":[],"class_list":["post-608","post","type-post","status-publish","format-standard","hentry","category-allgemeine-waldthemen","category-der-wald","category-schoenbuch"],"_links":{"self":[{"href":"https:\/\/waldkritik.de\/index.php?rest_route=\/wp\/v2\/posts\/608","targetHints":{"allow":["GET"]}}],"collection":[{"href":"https:\/\/waldkritik.de\/index.php?rest_route=\/wp\/v2\/posts"}],"about":[{"href":"https:\/\/waldkritik.de\/index.php?rest_route=\/wp\/v2\/types\/post"}],"author":[{"embeddable":true,"href":"https:\/\/waldkritik.de\/index.php?rest_route=\/wp\/v2\/users\/2"}],"replies":[{"embeddable":true,"href":"https:\/\/waldkritik.de\/index.php?rest_route=%2Fwp%2Fv2%2Fcomments&post=608"}],"version-history":[{"count":5,"href":"https:\/\/waldkritik.de\/index.php?rest_route=\/wp\/v2\/posts\/608\/revisions"}],"predecessor-version":[{"id":621,"href":"https:\/\/waldkritik.de\/index.php?rest_route=\/wp\/v2\/posts\/608\/revisions\/621"}],"wp:attachment":[{"href":"https:\/\/waldkritik.de\/index.php?rest_route=%2Fwp%2Fv2%2Fmedia&parent=608"}],"wp:term":[{"taxonomy":"category","embeddable":true,"href":"https:\/\/waldkritik.de\/index.php?rest_route=%2Fwp%2Fv2%2Fcategories&post=608"},{"taxonomy":"post_tag","embeddable":true,"href":"https:\/\/waldkritik.de\/index.php?rest_route=%2Fwp%2Fv2%2Ftags&post=608"}],"curies":[{"name":"wp","href":"https:\/\/api.w.org\/{rel}","templated":true}]}}