{"id":639,"date":"2015-02-11T10:55:04","date_gmt":"2015-02-11T08:55:04","guid":{"rendered":"http:\/\/waldkritik.de\/?p=639"},"modified":"2016-08-14T11:01:00","modified_gmt":"2016-08-14T09:01:00","slug":"639","status":"publish","type":"post","link":"https:\/\/waldkritik.de\/?p=639","title":{"rendered":"Leserbrief zum Beitrag in BdF aktuell\/Ausgabe1 2015"},"content":{"rendered":"<p>Liebe Freunde der Initiative Waldkritik,<br \/>\nk\u00fcrzlich hat Herr Daniel Bauer, Landratsamt B\u00f6blingen, Abteilung Forst in der Zeitschrift f\u00fcr Forstleute, Forstpolitik und Wald, BDF aktuell, Ausgabe 1, des Jahrgangs 2015 einen Beitrag mit dem Titel: <em><strong>Ein erster Blick zur\u00fcck, der Sch\u00f6nbuch-Waldgebiet des Jahres 2014<\/strong><\/em> ver\u00f6ffentlicht.<\/p>\n<p>Zu dieser R\u00fcckschau hat die<strong> Initiative Waldkritik einen Leserbrief<\/strong> verfasst der nun in Ausgabe 2 ver\u00f6ffentlicht wurde. Unsere Bitte, seinen Beitrag auf unsere Webseite stellen zu d\u00fcrfen, hat das Landratsamt ohne n\u00e4here Begr\u00fcndung negativ beschieden\u2026<\/p>\n<p>wir d\u00fcrfen Ihnen diesen also nicht zeigen und m\u00fcssen leider hinnehmen, an dieser Stelle auf den allzeit notwendigen demokratischen Diskurs zu verzichten\u2026<\/p>\n<p>Was wir aber machen k\u00f6nnen ist, wir stellen Ihnen unsere Antwort an Herrn Berner\u00a0 auf die Seite. Hier ist sie!<\/p>\n<p><em>BdF aktuell\/Ausgabe1 2015<\/em><br \/>\nLeserbrief zum Beitrag von Martin Berner, ein erster Blick zur\u00fcck:<\/p>\n<p><em><strong>Der Sch\u00f6nbuch-Waldgebiet des Jahres 2014<\/strong><\/em><\/p>\n<p>DER SCH\u00d6NBUCH HAT GEWONNEN\u2026<\/p>\n<p>7000 Mausklicks, Auszeichnung &#8211; Festreden\u2026 2014,<br \/>\nder Sch\u00f6nbuch hat gewonnen\u2026<\/p>\n<p>Die Fotografin im Wald, der Mensch im Handumdrehen animiert-zur\u00fcckgelassen<br \/>\n\u2026im Kasten tolle Bilder.<br \/>\nIns Zeug gelegt!<\/p>\n<p>F\u00fcr Kritiker Demonstration\u2026Metallpferd, Riesin auf B\u00e4ndern, ForstBW.<br \/>\nDie Gelbbauchunke plantscht vergn\u00fcgt.<br \/>\nIns Zeug gelegt!<\/p>\n<p>Festakt f\u00fcr die R\u00e4nge &#8211; gro\u00dfes Veranstaltungsprogramm.\u00a0 Ja und der Wald?<br \/>\nDer Sch\u00f6nbuch hat gewonnen! \u2026hat der Sch\u00f6nbuch gewonnen?<\/p>\n<p>Forstwirtschaft ohne R\u00fccksichtnahme auf die B\u00f6den zerst\u00f6rt Lebensgrundlagen<br \/>\n&#8211; wenigstens 2500 ha Waldfl\u00e4che im Sch\u00f6nbuch, mehr als 12 000qkm Waldb\u00f6den in Deutschland?<br \/>\nEin Unrecht dem es Einhalt zu gebieten gilt!<\/p>\n<p>Entwicklung?<br \/>\nWaldnutzung, Menschen, den Schutz von Lebensr\u00e4umen, Lebensmustern mit Ihren Lebewesen sich \u00f6rtlich verbinden lassen, der Sch\u00f6nbuch ein Modell? Die Auszeichnung des BDF als Anreiz und G\u00fcte-zeichen f\u00fcr eine konzeptionelle Erneuerung der Forstwirtschaft in deutschen Waldgebieten?<\/p>\n<p>Herr Berner sinniert, die Menschen sch\u00e4tzten ihren Wald,\u00a0 gestiegen seien\u00a0 Erwartungen\u00a0 an die Forstpartie-Bewirtschaftung und ihre Spuren st\u00fcnden im Fokus. Recht hat er!<\/p>\n<p>Was nach der Auszeichnung\u00a0 bleibt? Nix! Oder vielleicht doch: Einw\u00e4nde, zunehmend wachsender Widerstand der\u00a0 B\u00fcrgerinnen und B\u00fcrger gegen die r\u00fccksichtslose Zerst\u00f6rung der B\u00f6den bei der Holzernte im Sch\u00f6nbuch, der Holzernte in Deutschland!<\/p>\n<p>Harald Kunz, Initiative Waldkritik\/ www.waldkritik.de<\/p>\n","protected":false},"excerpt":{"rendered":"<p>Liebe Freunde der Initiative Waldkritik, k\u00fcrzlich hat Herr Daniel Bauer, Landratsamt B\u00f6blingen, Abteilung Forst in der Zeitschrift f\u00fcr Forstleute, Forstpolitik und Wald, BDF aktuell, Ausgabe 1, des Jahrgangs 2015 einen Beitrag mit dem Titel: Ein erster Blick zur\u00fcck, der Sch\u00f6nbuch-Waldgebiet des Jahres 2014 ver\u00f6ffentlicht. Zu dieser R\u00fcckschau hat die Initiative Waldkritik einen Leserbrief verfasst der &hellip; <a href=\"https:\/\/waldkritik.de\/?p=639\" class=\"more-link\"><span class=\"screen-reader-text\">Leserbrief zum Beitrag in BdF aktuell\/Ausgabe1 2015<\/span> weiterlesen <span class=\"meta-nav\">&rarr;<\/span><\/a><\/p>\n","protected":false},"author":1,"featured_media":0,"comment_status":"open","ping_status":"closed","sticky":false,"template":"","format":"standard","meta":{"footnotes":""},"categories":[1,5],"tags":[934,933,935,462,936,114,807],"class_list":["post-639","post","type-post","status-publish","format-standard","hentry","category-der-wald","category-schoenbuch","tag-ausgabe-12015","tag-bdf-aktuell","tag-daniel-bauer","tag-landratsamt-boeblingen","tag-rueckschau","tag-schoenbuch","tag-waldgebiet-des-jahres-2014"],"_links":{"self":[{"href":"https:\/\/waldkritik.de\/index.php?rest_route=\/wp\/v2\/posts\/639","targetHints":{"allow":["GET"]}}],"collection":[{"href":"https:\/\/waldkritik.de\/index.php?rest_route=\/wp\/v2\/posts"}],"about":[{"href":"https:\/\/waldkritik.de\/index.php?rest_route=\/wp\/v2\/types\/post"}],"author":[{"embeddable":true,"href":"https:\/\/waldkritik.de\/index.php?rest_route=\/wp\/v2\/users\/1"}],"replies":[{"embeddable":true,"href":"https:\/\/waldkritik.de\/index.php?rest_route=%2Fwp%2Fv2%2Fcomments&post=639"}],"version-history":[{"count":7,"href":"https:\/\/waldkritik.de\/index.php?rest_route=\/wp\/v2\/posts\/639\/revisions"}],"predecessor-version":[{"id":646,"href":"https:\/\/waldkritik.de\/index.php?rest_route=\/wp\/v2\/posts\/639\/revisions\/646"}],"wp:attachment":[{"href":"https:\/\/waldkritik.de\/index.php?rest_route=%2Fwp%2Fv2%2Fmedia&parent=639"}],"wp:term":[{"taxonomy":"category","embeddable":true,"href":"https:\/\/waldkritik.de\/index.php?rest_route=%2Fwp%2Fv2%2Fcategories&post=639"},{"taxonomy":"post_tag","embeddable":true,"href":"https:\/\/waldkritik.de\/index.php?rest_route=%2Fwp%2Fv2%2Ftags&post=639"}],"curies":[{"name":"wp","href":"https:\/\/api.w.org\/{rel}","templated":true}]}}