{"id":647,"date":"2015-02-11T11:30:11","date_gmt":"2015-02-11T09:30:11","guid":{"rendered":"http:\/\/waldkritik.de\/?p=647"},"modified":"2015-02-11T11:45:55","modified_gmt":"2015-02-11T09:45:55","slug":"pressemitteilung-der-bundesumweltministerin-barbara-hendricks","status":"publish","type":"post","link":"https:\/\/waldkritik.de\/?p=647","title":{"rendered":"Pressemitteilung der Bundesumweltministerin Barbara Hendricks"},"content":{"rendered":"<p>In der Pressemitteilung (siehe unten) der Bundesumweltministerin Barbara Hendricks wird genau das angeschnitten was Forstplanung f\u00fcr den Sch\u00f6nbuch sein k\u00f6nnte:<br \/>\nErholungs- und Naturerfahrungsraum f\u00fcr die Menschen im Einzugsbereich des Mittleren Neckar &#8211; <em><strong>Gr\u00fcn f\u00fcr die Menschen und Schutz der Ressourcen, hier des Bodens<\/strong><\/em>.<br \/>\nDie Landesregierung hat Ihrer F\u00fcrsorgepflicht nachzukommen, Urteil des Bundesverfassungsgerichtes vom 31. Mai 1990, 2 BvR 1436\/87, die Bewirtschaftung des K\u00f6rperschafts-und Staatswaldes, \u2026dient der Umwelt-und Erholungsfunktion des Waldes, nicht der Sicherung von Absatz und Verwertung forstwirtschaftlicher Erzeugnisse.<br \/>\nDie staatliche Forstpolitik\u00a0 f\u00f6rdert im Gegensatz zur Landwirtschaftspolitik weniger die Betriebe und die Absetzbarkeit ihrer Produkte als vielmehr die Leistungsf\u00e4higkeit des Naturhaushaltes &#8230; und hat daf\u00fcr zu sorgen, dass das Landeswaldgesetz, hier Baden-W\u00fcrttembergs, eingehalten wird.<\/p>\n<p>Insbesondere gilt:<\/p>\n<p><em><strong>\u00a7 13 Nachhaltige Bewirtschaftung des Waldes<br \/>\n<\/strong><\/em>Der Wald ist so zu bewirtschaften, dass die Nutz-, Schutz- und Erholungsfunktionen des Waldes unter Ber\u00fccksichtigung der langfristigen Erzeugungszeitr\u00e4ume stetig und auf Dauer erbracht werden<\/p>\n<p><em><strong>\u00a7 14 Pflegliche Bewirtschaftung des Waldes<br \/>\n<\/strong><\/em>Abs. 1 den Boden und die Bodenfruchtbarkeit zu erhalten<br \/>\nAbs. 7 die Nutzungen schonend vorzunehmen.<\/p>\n<p><em><strong>\u00a7 22 Umweltvorsorge im Rahmen der Bewirtschaftung<\/strong><\/em><br \/>\nAbs.1 Die Umwelt, der Naturhaushalt und die Naturg\u00fcter sind bei der Bewirtschaftung des Waldes zu erhalten und zu pflegen.<\/p>\n<p><strong><em>Die Forstpolitik des Landes, die \u00dcbersetzung des \u00f6kologischen, sozialen und \u00f6konomischen Grundmusters in der Waldbewirtschaftung des\u00a0 Sch\u00f6nbuch ist trotz FSC-Zertifizierung gescheitert!<\/em><\/strong><\/p>\n<p>Die empfindlichen B\u00f6den werden durch die stereotype \u00dcbertragung der Feinerschlie\u00dfung und durch eine v\u00f6llig verfehlte R\u00fcckegassenkonzeption zerst\u00f6rt. Wenigstens 2500 ha sind gesch\u00e4digt!<br \/>\nZwingend erforderlich w\u00e4re es, da\u00df der Forst BW in quantitativer (Anzahl der Sch\u00e4den) und qualitativer (Grad der Sch\u00e4den) Hinsicht den Zustand des Waldes und Seines Bodens dokumentiert und ver\u00f6ffentlicht.<br \/>\nDer Sch\u00f6nbuch ist Staats- und K\u00f6rperschaftswald und somit B\u00fcrgerwald und die B\u00fcrger lehnen die schonungslose Arbeitsweise der Forstverwaltung ab!<\/p>\n<p><a title=\"Pressemitteilung\" href=\"http:\/\/www.bmub.bund.de\/presse\/pressemitteilungen\/pm\/artikel\/hendricks-luebecker-stadtwald-ist-gutes-beispiel-fuer-mehr-gruen-in-der-stadt\/?tx_ttnews%5BbackPid%5D=103&amp;cHash=24719f99d83c51dacdb9a352a0bb0f26\" target=\"_blank\"><span style=\"color: #ff0000;\"><em><strong>Hier die Pressemitteilung der Bundesumweltministerin Barbara Hendricks zum Stadtwald L\u00fcbeck (Nr. 027\/15 | Berlin, 10.02.2015)<\/strong> <\/em><\/span><\/a><\/p>\n","protected":false},"excerpt":{"rendered":"<p>In der Pressemitteilung (siehe unten) der Bundesumweltministerin Barbara Hendricks wird genau das angeschnitten was Forstplanung f\u00fcr den Sch\u00f6nbuch sein k\u00f6nnte: Erholungs- und Naturerfahrungsraum f\u00fcr die Menschen im Einzugsbereich des Mittleren Neckar &#8211; Gr\u00fcn f\u00fcr die Menschen und Schutz der Ressourcen, hier des Bodens. Die Landesregierung hat Ihrer F\u00fcrsorgepflicht nachzukommen, Urteil des Bundesverfassungsgerichtes vom 31. Mai &hellip; <a href=\"https:\/\/waldkritik.de\/?p=647\" class=\"more-link\"><span class=\"screen-reader-text\">Pressemitteilung der Bundesumweltministerin Barbara Hendricks<\/span> weiterlesen <span class=\"meta-nav\">&rarr;<\/span><\/a><\/p>\n","protected":false},"author":1,"featured_media":0,"comment_status":"open","ping_status":"closed","sticky":false,"template":"","format":"standard","meta":{"footnotes":""},"categories":[5],"tags":[],"class_list":["post-647","post","type-post","status-publish","format-standard","hentry","category-schoenbuch"],"_links":{"self":[{"href":"https:\/\/waldkritik.de\/index.php?rest_route=\/wp\/v2\/posts\/647","targetHints":{"allow":["GET"]}}],"collection":[{"href":"https:\/\/waldkritik.de\/index.php?rest_route=\/wp\/v2\/posts"}],"about":[{"href":"https:\/\/waldkritik.de\/index.php?rest_route=\/wp\/v2\/types\/post"}],"author":[{"embeddable":true,"href":"https:\/\/waldkritik.de\/index.php?rest_route=\/wp\/v2\/users\/1"}],"replies":[{"embeddable":true,"href":"https:\/\/waldkritik.de\/index.php?rest_route=%2Fwp%2Fv2%2Fcomments&post=647"}],"version-history":[{"count":6,"href":"https:\/\/waldkritik.de\/index.php?rest_route=\/wp\/v2\/posts\/647\/revisions"}],"predecessor-version":[{"id":653,"href":"https:\/\/waldkritik.de\/index.php?rest_route=\/wp\/v2\/posts\/647\/revisions\/653"}],"wp:attachment":[{"href":"https:\/\/waldkritik.de\/index.php?rest_route=%2Fwp%2Fv2%2Fmedia&parent=647"}],"wp:term":[{"taxonomy":"category","embeddable":true,"href":"https:\/\/waldkritik.de\/index.php?rest_route=%2Fwp%2Fv2%2Fcategories&post=647"},{"taxonomy":"post_tag","embeddable":true,"href":"https:\/\/waldkritik.de\/index.php?rest_route=%2Fwp%2Fv2%2Ftags&post=647"}],"curies":[{"name":"wp","href":"https:\/\/api.w.org\/{rel}","templated":true}]}}