{"id":675,"date":"2015-02-13T16:38:18","date_gmt":"2015-02-13T14:38:18","guid":{"rendered":"http:\/\/waldkritik.de\/?p=675"},"modified":"2015-02-13T16:38:37","modified_gmt":"2015-02-13T14:38:37","slug":"ueberall-die-gleichen-bilder","status":"publish","type":"post","link":"https:\/\/waldkritik.de\/?p=675","title":{"rendered":"\u00dcberall die gleichen Bilder"},"content":{"rendered":"<p>Liebe Freunde,<br \/>\nwenn alles im Winter bei der Holzernte so wunderbar w\u00e4re, wie die Forst\u00e4mter nicht m\u00fcde werden zu behaupten, dann fragt man sich doch, weshalb sich die Bilder aus vielen W\u00e4ldern in Deutschland nach der Holzernte so katastrophal gleichen, so wie in diesem Fall der Holzernte im Moosbach-Wald bei Feucht nahe N\u00fcrnberg.<\/p>\n<p>Spricht dieses Bild nicht B\u00e4nde?<\/p>\n<p><a title=\"Waldschaden Moosbach\" href=\"http:\/\/n-land.de\/lokales\/lok-detail\/datum\/2012\/12\/18\/bn-kritisiert-den-forstbetrieb-nuernberg.html#.VN4Igy7WM3h\" target=\"_blank\"><img loading=\"lazy\" decoding=\"async\" class=\"aligncenter size-full wp-image-676\" src=\"https:\/\/waldkritik.de\/wp-content\/uploads\/2015\/02\/waldschadenmossbach_New_1355839801.jpg\" alt=\"waldschadenmossbach_New_1355839801\" width=\"700\" height=\"1053\" srcset=\"https:\/\/waldkritik.de\/wp-content\/uploads\/2015\/02\/waldschadenmossbach_New_1355839801.jpg 700w, https:\/\/waldkritik.de\/wp-content\/uploads\/2015\/02\/waldschadenmossbach_New_1355839801-199x300.jpg 199w, https:\/\/waldkritik.de\/wp-content\/uploads\/2015\/02\/waldschadenmossbach_New_1355839801-681x1024.jpg 681w\" sizes=\"auto, (max-width: 700px) 100vw, 700px\" \/><\/a><\/p>\n<p><a title=\"Waldschaden Moosbach\" href=\"http:\/\/n-land.de\/lokales\/lok-detail\/datum\/2012\/12\/18\/bn-kritisiert-den-forstbetrieb-nuernberg.html#.VN4Igy7WM3h\" target=\"_blank\">Hier klicken um zum ganzen Bericht zu gelangen!<\/a><\/p>\n<p>Die Bund-Naturschutz-Kreisgruppe N\u00fcrnberger Land hat in den letzten Jahren viele Meldungen besorgter B\u00fcrger \u00fcber die Waldwirtschaft in den Staatsw\u00e4ldern erhalten. Diese Informationen sowie eigene Beobachtungen des BN zeigen grunds\u00e4tzliche Probleme bei der Bewirtschaftung auf. Es handelt sich hier u.a. um eine Fl\u00e4che in unmittelbarer N\u00e4he von R\u00f6thenbach (Revier Seespitze), um Naherholungsw\u00e4lder am Dreibr\u00fcderberg bei Feucht und bei Winkelhaid sowie am Glasersberg bei Wendelstein, aber auch um andere Fl\u00e4chen. Erhebliche Bodensch\u00e4den, Vernichtung von wichtigen Strukturen wie Waldrandhecken und starke Durchforstungseingriffe habe man beobachtet, so der BN in einer aktuellen Pressemitteilung. Der Forst N\u00fcrnberg h\u00e4lt dagegen und spricht von Falschmeldungen.<\/p>\n","protected":false},"excerpt":{"rendered":"<p>Liebe Freunde, wenn alles im Winter bei der Holzernte so wunderbar w\u00e4re, wie die Forst\u00e4mter nicht m\u00fcde werden zu behaupten, dann fragt man sich doch, weshalb sich die Bilder aus vielen W\u00e4ldern in Deutschland nach der Holzernte so katastrophal gleichen, so wie in diesem Fall der Holzernte im Moosbach-Wald bei Feucht nahe N\u00fcrnberg. Spricht dieses &hellip; <a href=\"https:\/\/waldkritik.de\/?p=675\" class=\"more-link\"><span class=\"screen-reader-text\">\u00dcberall die gleichen Bilder<\/span> weiterlesen <span class=\"meta-nav\">&rarr;<\/span><\/a><\/p>\n","protected":false},"author":1,"featured_media":0,"comment_status":"open","ping_status":"closed","sticky":false,"template":"","format":"standard","meta":{"footnotes":""},"categories":[1,3],"tags":[],"class_list":["post-675","post","type-post","status-publish","format-standard","hentry","category-der-wald","category-einzelne-waelder"],"_links":{"self":[{"href":"https:\/\/waldkritik.de\/index.php?rest_route=\/wp\/v2\/posts\/675","targetHints":{"allow":["GET"]}}],"collection":[{"href":"https:\/\/waldkritik.de\/index.php?rest_route=\/wp\/v2\/posts"}],"about":[{"href":"https:\/\/waldkritik.de\/index.php?rest_route=\/wp\/v2\/types\/post"}],"author":[{"embeddable":true,"href":"https:\/\/waldkritik.de\/index.php?rest_route=\/wp\/v2\/users\/1"}],"replies":[{"embeddable":true,"href":"https:\/\/waldkritik.de\/index.php?rest_route=%2Fwp%2Fv2%2Fcomments&post=675"}],"version-history":[{"count":1,"href":"https:\/\/waldkritik.de\/index.php?rest_route=\/wp\/v2\/posts\/675\/revisions"}],"predecessor-version":[{"id":677,"href":"https:\/\/waldkritik.de\/index.php?rest_route=\/wp\/v2\/posts\/675\/revisions\/677"}],"wp:attachment":[{"href":"https:\/\/waldkritik.de\/index.php?rest_route=%2Fwp%2Fv2%2Fmedia&parent=675"}],"wp:term":[{"taxonomy":"category","embeddable":true,"href":"https:\/\/waldkritik.de\/index.php?rest_route=%2Fwp%2Fv2%2Fcategories&post=675"},{"taxonomy":"post_tag","embeddable":true,"href":"https:\/\/waldkritik.de\/index.php?rest_route=%2Fwp%2Fv2%2Ftags&post=675"}],"curies":[{"name":"wp","href":"https:\/\/api.w.org\/{rel}","templated":true}]}}