{"id":686,"date":"2015-02-26T14:30:36","date_gmt":"2015-02-26T12:30:36","guid":{"rendered":"http:\/\/waldkritik.de\/?p=686"},"modified":"2015-03-03T19:33:12","modified_gmt":"2015-03-03T17:33:12","slug":"der-blickpunkt","status":"publish","type":"post","link":"https:\/\/waldkritik.de\/?p=686","title":{"rendered":"Blickpunkte"},"content":{"rendered":"<p style=\"text-align: justify;\"><em>Herr Barner, hat uns f\u00fcr die Webseite Bilder geschickt,\u00a0<\/em><em> die wir hier gerne ver\u00f6ffentlichen:<\/em><\/p>\n<p style=\"text-align: justify;\"><a href=\"https:\/\/waldkritik.de\/wp-content\/uploads\/2015\/02\/Gesamt.jpg\"><img loading=\"lazy\" decoding=\"async\" class=\"aligncenter size-full wp-image-687\" src=\"https:\/\/waldkritik.de\/wp-content\/uploads\/2015\/02\/Gesamt.jpg\" alt=\"Gesamt\" width=\"1250\" height=\"1386\" srcset=\"https:\/\/waldkritik.de\/wp-content\/uploads\/2015\/02\/Gesamt.jpg 1250w, https:\/\/waldkritik.de\/wp-content\/uploads\/2015\/02\/Gesamt-271x300.jpg 271w, https:\/\/waldkritik.de\/wp-content\/uploads\/2015\/02\/Gesamt-924x1024.jpg 924w\" sizes=\"auto, (max-width: 1250px) 100vw, 1250px\" \/><\/a><span style=\"color: #000000;\">Herr Barner hat unsere Webseite zum Anlass genommen die Holznutzung in R\u00fcbgarten aufmerksam zu begleiten. Er hat uns seine Bilder geschickt und zeigt aus seiner Sicht Sch\u00e4den an ausgeschilderten Wanderwegen. Sie sind nicht mehr begehbar! Das wollen wir darstellen. Wir wollen weiter erreichen, dass die Besucher des Sch\u00f6nbuchs sich in die Planung einbringen k\u00f6nnen. <\/span><\/p>\n<p style=\"text-align: justify;\"><em><strong>Unser Ziel ist, B\u00fcrger und B\u00fcrgerinnen zu einer Beteiligung an einem Entwicklungsprozess zur Gestaltung des Sch\u00f6nbuchs mit B\u00fcrgerbeteiligung zu ermuntern.<\/strong> <\/em><br \/>\nWas jetzt vielleicht noch unge\u00fcbt ist, kann sich mit der Zeit entwickeln. Dazu ist die Vielfalt Ihrer Sichtweise und Mitteilung wichtig. Diese Vielfalt wollen wir als Blickpunkte bezeichnen. Ein Blickpunkt ist dann gleichsam Ihr Blick durch ein gedachtes <em><strong>\u201cBetrachtungsfenster\u201d<\/strong><\/em> <strong><em>auf den Sch\u00f6nbuch.<\/em><\/strong><\/p>\n<p style=\"text-align: justify;\">Senden Sie uns, was Sie wichtig finden. Wir m\u00f6chten ein m\u00f6glichst vielf\u00e4ltiges Bild\u00a0 gewinnen. Wir freuen uns auf Ihre Beitr\u00e4ge.<\/p>\n","protected":false},"excerpt":{"rendered":"<p>Herr Barner, hat uns f\u00fcr die Webseite Bilder geschickt,\u00a0 die wir hier gerne ver\u00f6ffentlichen: Herr Barner hat unsere Webseite zum Anlass genommen die Holznutzung in R\u00fcbgarten aufmerksam zu begleiten. Er hat uns seine Bilder geschickt und zeigt aus seiner Sicht Sch\u00e4den an ausgeschilderten Wanderwegen. Sie sind nicht mehr begehbar! Das wollen wir darstellen. Wir wollen &hellip; <a href=\"https:\/\/waldkritik.de\/?p=686\" class=\"more-link\"><span class=\"screen-reader-text\">Blickpunkte<\/span> weiterlesen <span class=\"meta-nav\">&rarr;<\/span><\/a><\/p>\n","protected":false},"author":2,"featured_media":0,"comment_status":"open","ping_status":"closed","sticky":false,"template":"","format":"standard","meta":{"footnotes":""},"categories":[101],"tags":[],"class_list":["post-686","post","type-post","status-publish","format-standard","hentry","category-blickpunkte"],"_links":{"self":[{"href":"https:\/\/waldkritik.de\/index.php?rest_route=\/wp\/v2\/posts\/686","targetHints":{"allow":["GET"]}}],"collection":[{"href":"https:\/\/waldkritik.de\/index.php?rest_route=\/wp\/v2\/posts"}],"about":[{"href":"https:\/\/waldkritik.de\/index.php?rest_route=\/wp\/v2\/types\/post"}],"author":[{"embeddable":true,"href":"https:\/\/waldkritik.de\/index.php?rest_route=\/wp\/v2\/users\/2"}],"replies":[{"embeddable":true,"href":"https:\/\/waldkritik.de\/index.php?rest_route=%2Fwp%2Fv2%2Fcomments&post=686"}],"version-history":[{"count":4,"href":"https:\/\/waldkritik.de\/index.php?rest_route=\/wp\/v2\/posts\/686\/revisions"}],"predecessor-version":[{"id":708,"href":"https:\/\/waldkritik.de\/index.php?rest_route=\/wp\/v2\/posts\/686\/revisions\/708"}],"wp:attachment":[{"href":"https:\/\/waldkritik.de\/index.php?rest_route=%2Fwp%2Fv2%2Fmedia&parent=686"}],"wp:term":[{"taxonomy":"category","embeddable":true,"href":"https:\/\/waldkritik.de\/index.php?rest_route=%2Fwp%2Fv2%2Fcategories&post=686"},{"taxonomy":"post_tag","embeddable":true,"href":"https:\/\/waldkritik.de\/index.php?rest_route=%2Fwp%2Fv2%2Ftags&post=686"}],"curies":[{"name":"wp","href":"https:\/\/api.w.org\/{rel}","templated":true}]}}