{"id":697,"date":"2015-03-03T13:23:04","date_gmt":"2015-03-03T11:23:04","guid":{"rendered":"http:\/\/waldkritik.de\/?p=697"},"modified":"2015-03-04T21:43:10","modified_gmt":"2015-03-04T19:43:10","slug":"eine-34-seite-fuer-den-wald-und-seinen-boden","status":"publish","type":"post","link":"https:\/\/waldkritik.de\/?p=697","title":{"rendered":"Eine 3\/4 Seite f\u00fcr den Wald und seinen Boden"},"content":{"rendered":"<h4 style=\"text-align: justify;\"><a href=\"https:\/\/waldkritik.de\/wp-content\/uploads\/2015\/03\/Titelseite_tagblatt.jpg\"><img loading=\"lazy\" decoding=\"async\" class=\"size-full wp-image-700\" src=\"https:\/\/waldkritik.de\/wp-content\/uploads\/2015\/03\/Titelseite_tagblatt.jpg\" alt=\"Titelseite_tagblatt\" width=\"1000\" height=\"320\" srcset=\"https:\/\/waldkritik.de\/wp-content\/uploads\/2015\/03\/Titelseite_tagblatt.jpg 1000w, https:\/\/waldkritik.de\/wp-content\/uploads\/2015\/03\/Titelseite_tagblatt-300x96.jpg 300w\" sizes=\"auto, (max-width: 1000px) 100vw, 1000px\" \/><\/a><span style=\"color: #ffffff;\">.<\/span><br \/>\nLiebe Freunde der Initiative &#8220;Waldkritik&#8221;,<\/h4>\n<p style=\"text-align: justify;\">der Wald und sein Boden haben es bis auf die Titelseite des Schw\u00e4bischen Tagblatts (Ank\u00fcndigung des Artikels) geschafft, bzw. war es dem Schw\u00e4bischen Tagblatt im <em>T\u00fcbinger Teil<\/em> auf der Startseite\u00a0 eine 3\/4 Seite wert, unserem Anliegen Geh\u00f6r zu verschaffen.<br \/>\nEs sieht so aus, als w\u00fcrden inzwischen doch viele Menschen verstehen, da\u00df es hier nicht um das private Querulantentum einiger weniger Querk\u00f6pfe geht, sondern um die Zukunft des Waldes und seines Bodens. Wenn man den Artikel bis zum Ende liest, dann findet man auch am Ende des Artikels die Meinung des Forst BW zitiert, wonach man die empfindlichen Fl\u00e4chen aus der Waldbewirtschaftung nicht herausnehmen k\u00f6nnte, denn dann (w\u00f6rtlich Forst BW) &#8220;k\u00f6nnten wir die Forstwirtschaft einstellen&#8221;.<\/p>\n<p style=\"text-align: justify;\">Es wird also vom Forst BW einger\u00e4umt, das die B\u00f6den empfindlich sind, so empfindlich, da\u00df sie nach anderen deutschen Waldwirtschaftskonzepten, nicht befahren werden sollten. Man mu\u00df sich fragen, warum der Forst BW es zul\u00e4\u00dft, den gesamten Sch\u00f6nbuch zu befahren und zu ernten, wenn er selber zugibt, da\u00df 3\/4 der Sch\u00f6nbuch-B\u00f6den zu empfindlich sind.<\/p>\n<p style=\"text-align: justify;\"><strong><em>Unsere Forderung ist, das R\u00fcckegassen-System in der neuen Feinerschlie\u00dfungsrichtlinie des Forst BW noch mal zu \u00fcberarbeiten und mehr auf die unterschiedlichen Standorte R\u00fccksicht zu nehmen.<\/em> <\/strong>Denn schlie\u00dflich besteht der Sch\u00f6nbuch z.B. aus einem Mosaik der unterschiedlichsten Bodenarten. \u00dcber dieses Mosaik &#8211; ohne Ansehung der verschiedenen B\u00f6den &#8211; ein computergerechtes R\u00fcckegassennetz zu werfen, halten wir f\u00fcr falsch.<\/p>\n<p style=\"text-align: justify;\">Der Knackpunkt ist, da\u00df auch<em><strong> f\u00fcr Befahrung ungeeignete<\/strong><\/em> Standorte <em>systematisch erschlossen<\/em> werden, wenn man damit nicht aufh\u00f6rt, geht die Bodenzerst\u00f6rung weiter. Dann ist es egal, ob die B\u00f6den durch maschinelle Aufarbeitung oder durch motormanuelle Arbeiten zerst\u00f6rt werden.<\/p>\n<p style=\"text-align: justify;\">Wenn der ForstBW sagt, man k\u00f6nne ja auch bodenschonender Holzseilbahnen einsetzen (wie in \u00d6sterreich z.B.) und im n\u00e4chsten Satz dann sagt: &#8220;Wir m\u00fcssen auf den Fl\u00e4chen dann auch mehr Holz ernten f\u00fcr die Wirtschaftlichkeit&#8221;, dann ist das eine bewu\u00dfte Irref\u00fchrung, denn man mu\u00df nur mehr ernten, wenn man <em><strong>eindimensional \u00f6konomisch denkt<\/strong><\/em>, wenn man aber auch<em><strong> \u00f6kologische Aspekte<\/strong><\/em> mit in die Betrachtung hinein nimmt und ihnen sogar <em><strong>Priorit\u00e4t vor \u00f6konomischen Interessen<\/strong><\/em> einr\u00e4umt, dann k\u00f6nnte man erstens aufgrund der \u00f6kologischen Wichtigkeit des Waldes das geschlagene Holz verteuern, um bodenschonende Ernteverfahren zu bezahlen, man k\u00f6nnte zweitens mit den schonenden Erntemethoden Werbung machen und drittens wird bei der Bemerkung des ForstBW ganz verschwiegen, da\u00df ja auch der geplante Einsatz von immer gr\u00f6\u00dferen Erntemaschinen (Harvester und Forwarder) enormen Holzeinschlag notwendig machen, um die Wirtschaftlichkeit sicherzustellen.<\/p>\n<p style=\"text-align: justify;\"><strong>F\u00fcr die genannten Probleme gibt es nur einen wirklich sinnvollen L\u00f6sungsansatz: Weniger aber besser ernten und das Wenige teurer verkaufen. Die Priorit\u00e4t mu\u00df ganz klar auf der dauerhaften \u00f6kologischen Funktionsf\u00e4higkeit des Waldes liegen.<\/strong><\/p>\n<p style=\"text-align: justify;\">Hier kommt jetzt der Artikel:<a href=\"https:\/\/waldkritik.de\/wp-content\/uploads\/2015\/03\/Artikel-tagblatt-03-03-15.jpg\"><img loading=\"lazy\" decoding=\"async\" class=\"aligncenter size-full wp-image-711\" src=\"https:\/\/waldkritik.de\/wp-content\/uploads\/2015\/03\/Artikel-tagblatt-03-03-15.jpg\" alt=\"Artikel-tagblatt-03-03-15\" width=\"1000\" height=\"1457\" srcset=\"https:\/\/waldkritik.de\/wp-content\/uploads\/2015\/03\/Artikel-tagblatt-03-03-15.jpg 1000w, https:\/\/waldkritik.de\/wp-content\/uploads\/2015\/03\/Artikel-tagblatt-03-03-15-206x300.jpg 206w, https:\/\/waldkritik.de\/wp-content\/uploads\/2015\/03\/Artikel-tagblatt-03-03-15-703x1024.jpg 703w\" sizes=\"auto, (max-width: 1000px) 100vw, 1000px\" \/><\/a>Der Artikel kann nat\u00fcrlich auch direkt auf der Homepage des Schw\u00e4bischen Tagblatts gelesen werden:<strong> <a title=\"Weiter zum Tagblatt\" href=\"http:\/\/www.tagblatt.de\/Home\/nachrichten\/tuebingen_artikel,-Waldkritiker-klagen-Staatsfoerster-wegen-ihrer-Wirtschaftsweise-an-_arid,293401.html\" target=\"_blank\"><span style=\"color: #0000ff;\">Klicken Sie HIER <\/span><\/a><\/strong><\/p>\n<p style=\"text-align: justify;\">\n","protected":false},"excerpt":{"rendered":"<p>. Liebe Freunde der Initiative &#8220;Waldkritik&#8221;, der Wald und sein Boden haben es bis auf die Titelseite des Schw\u00e4bischen Tagblatts (Ank\u00fcndigung des Artikels) geschafft, bzw. war es dem Schw\u00e4bischen Tagblatt im T\u00fcbinger Teil auf der Startseite\u00a0 eine 3\/4 Seite wert, unserem Anliegen Geh\u00f6r zu verschaffen. Es sieht so aus, als w\u00fcrden inzwischen doch viele Menschen &hellip; <a href=\"https:\/\/waldkritik.de\/?p=697\" class=\"more-link\"><span class=\"screen-reader-text\">Eine 3\/4 Seite f\u00fcr den Wald und seinen Boden<\/span> weiterlesen <span class=\"meta-nav\">&rarr;<\/span><\/a><\/p>\n","protected":false},"author":1,"featured_media":0,"comment_status":"open","ping_status":"closed","sticky":false,"template":"","format":"standard","meta":{"footnotes":""},"categories":[1,5],"tags":[],"class_list":["post-697","post","type-post","status-publish","format-standard","hentry","category-der-wald","category-schoenbuch"],"_links":{"self":[{"href":"https:\/\/waldkritik.de\/index.php?rest_route=\/wp\/v2\/posts\/697","targetHints":{"allow":["GET"]}}],"collection":[{"href":"https:\/\/waldkritik.de\/index.php?rest_route=\/wp\/v2\/posts"}],"about":[{"href":"https:\/\/waldkritik.de\/index.php?rest_route=\/wp\/v2\/types\/post"}],"author":[{"embeddable":true,"href":"https:\/\/waldkritik.de\/index.php?rest_route=\/wp\/v2\/users\/1"}],"replies":[{"embeddable":true,"href":"https:\/\/waldkritik.de\/index.php?rest_route=%2Fwp%2Fv2%2Fcomments&post=697"}],"version-history":[{"count":10,"href":"https:\/\/waldkritik.de\/index.php?rest_route=\/wp\/v2\/posts\/697\/revisions"}],"predecessor-version":[{"id":712,"href":"https:\/\/waldkritik.de\/index.php?rest_route=\/wp\/v2\/posts\/697\/revisions\/712"}],"wp:attachment":[{"href":"https:\/\/waldkritik.de\/index.php?rest_route=%2Fwp%2Fv2%2Fmedia&parent=697"}],"wp:term":[{"taxonomy":"category","embeddable":true,"href":"https:\/\/waldkritik.de\/index.php?rest_route=%2Fwp%2Fv2%2Fcategories&post=697"},{"taxonomy":"post_tag","embeddable":true,"href":"https:\/\/waldkritik.de\/index.php?rest_route=%2Fwp%2Fv2%2Ftags&post=697"}],"curies":[{"name":"wp","href":"https:\/\/api.w.org\/{rel}","templated":true}]}}