{"id":730,"date":"2015-03-01T22:17:12","date_gmt":"2015-03-01T20:17:12","guid":{"rendered":"http:\/\/waldkritik.de\/?p=730"},"modified":"2015-03-06T21:56:13","modified_gmt":"2015-03-06T19:56:13","slug":"730","status":"publish","type":"post","link":"https:\/\/waldkritik.de\/?p=730","title":{"rendered":""},"content":{"rendered":"<p>Liebe Freunde der Initiative &#8220;Waldkritik&#8221;,<\/p>\n<p style=\"text-align: justify;\">in den letzten 6 Wochen hat zwischen unserem Mitglied, Herrn Kunz und dem Landrat Walter, dem OB Palmer, bzw. stellvertretend f\u00fcr die beiden letzteren mit Graf B\u00fclow von Dennewitz vom Forst BW in Bebenhausen ein Schriftwechsel stattgefunden, der es wirklich lohnt, hier auf der Seite &#8220;Waldkritik&#8221; ver\u00f6ffentlicht zu werden.<br \/>\nUm die aktuelle Tages-Chronik der Webseite nicht zu sehr \u00fcberquellen zu lassen, haben wir f\u00fcr diesen <span style=\"color: #008000;\"><strong>Briefwechsel I<\/strong><\/span> und auch k\u00fcnftige Briefwechsel eine eigene Kategorie geschaffen, in der Sie gezielt Briefwechsel nachlesen k\u00f6nnen. Sie k\u00f6nnen aber auch <a title=\"Weiter zum Briefwechsel\" href=\"https:\/\/waldkritik.de\/?page_id=713\" target=\"_blank\"><span style=\"color: #0000ff;\"><strong>HIER<\/strong><\/span><\/a> klicken und gelangen direkt zum Briefwechsel.<\/p>\n","protected":false},"excerpt":{"rendered":"<p>Liebe Freunde der Initiative &#8220;Waldkritik&#8221;, in den letzten 6 Wochen hat zwischen unserem Mitglied, Herrn Kunz und dem Landrat Walter, dem OB Palmer, bzw. stellvertretend f\u00fcr die beiden letzteren mit Graf B\u00fclow von Dennewitz vom Forst BW in Bebenhausen ein Schriftwechsel stattgefunden, der es wirklich lohnt, hier auf der Seite &#8220;Waldkritik&#8221; ver\u00f6ffentlicht zu werden. Um &hellip; <a href=\"https:\/\/waldkritik.de\/?p=730\" class=\"more-link\"><span class=\"screen-reader-text\"><\/span> weiterlesen <span class=\"meta-nav\">&rarr;<\/span><\/a><\/p>\n","protected":false},"author":1,"featured_media":0,"comment_status":"open","ping_status":"closed","sticky":false,"template":"","format":"standard","meta":{"footnotes":""},"categories":[5],"tags":[],"class_list":["post-730","post","type-post","status-publish","format-standard","hentry","category-schoenbuch"],"_links":{"self":[{"href":"https:\/\/waldkritik.de\/index.php?rest_route=\/wp\/v2\/posts\/730","targetHints":{"allow":["GET"]}}],"collection":[{"href":"https:\/\/waldkritik.de\/index.php?rest_route=\/wp\/v2\/posts"}],"about":[{"href":"https:\/\/waldkritik.de\/index.php?rest_route=\/wp\/v2\/types\/post"}],"author":[{"embeddable":true,"href":"https:\/\/waldkritik.de\/index.php?rest_route=\/wp\/v2\/users\/1"}],"replies":[{"embeddable":true,"href":"https:\/\/waldkritik.de\/index.php?rest_route=%2Fwp%2Fv2%2Fcomments&post=730"}],"version-history":[{"count":7,"href":"https:\/\/waldkritik.de\/index.php?rest_route=\/wp\/v2\/posts\/730\/revisions"}],"predecessor-version":[{"id":758,"href":"https:\/\/waldkritik.de\/index.php?rest_route=\/wp\/v2\/posts\/730\/revisions\/758"}],"wp:attachment":[{"href":"https:\/\/waldkritik.de\/index.php?rest_route=%2Fwp%2Fv2%2Fmedia&parent=730"}],"wp:term":[{"taxonomy":"category","embeddable":true,"href":"https:\/\/waldkritik.de\/index.php?rest_route=%2Fwp%2Fv2%2Fcategories&post=730"},{"taxonomy":"post_tag","embeddable":true,"href":"https:\/\/waldkritik.de\/index.php?rest_route=%2Fwp%2Fv2%2Ftags&post=730"}],"curies":[{"name":"wp","href":"https:\/\/api.w.org\/{rel}","templated":true}]}}