{"id":74,"date":"2014-07-12T21:05:19","date_gmt":"2014-07-12T19:05:19","guid":{"rendered":"http:\/\/waldkritik.de\/?p=74"},"modified":"2016-07-24T16:52:16","modified_gmt":"2016-07-24T14:52:16","slug":"offenen-brief-an-herrn-strittmatter","status":"publish","type":"post","link":"https:\/\/waldkritik.de\/?p=74","title":{"rendered":"Offenen Brief an Herrn Strittmatter,"},"content":{"rendered":"<p>Sehr geehrter Herr Strittmatter,<br \/>\nanbei die Reportage, ein junger Wilder r\u00e4umt auf. Sie erschien am 28. M\u00e4rz im Schw\u00e4bischen Tagblatt. Die angef\u00fcgten Schadbilder sind aus dem gleichen Wald. \u00a0Die Arbeit von Herrn Nothei\u00df\u00b4 bodenschonender Arbeitsweise erf\u00e4hrt Missachtung und Entwertung durch die angetroffenen Sch\u00e4den. Wozu dieser Artikel wenn der betreffende F\u00f6rster die Sch\u00e4den selbst kennt, den Maschineneinsatz angeordnet hat? Sehen Sie selbst Herr Strittmatter.<br \/>\nGr\u00fc\u00df Sie herzlich, Harald Kunz<\/p>\n<p><a href=\"https:\/\/waldkritik.de\/wp-content\/uploads\/2014\/07\/WP_20140319_022.jpg\"><img loading=\"lazy\" decoding=\"async\" class=\"alignnone size-full wp-image-79\" src=\"https:\/\/waldkritik.de\/wp-content\/uploads\/2014\/07\/WP_20140319_022.jpg\" alt=\"WP_20140319_022\" width=\"337\" height=\"600\" srcset=\"https:\/\/waldkritik.de\/wp-content\/uploads\/2014\/07\/WP_20140319_022.jpg 337w, https:\/\/waldkritik.de\/wp-content\/uploads\/2014\/07\/WP_20140319_022-168x300.jpg 168w\" sizes=\"auto, (max-width: 337px) 100vw, 337px\" \/><\/a> <a href=\"https:\/\/waldkritik.de\/wp-content\/uploads\/2014\/07\/WP_20140319_013.jpg\"><img loading=\"lazy\" decoding=\"async\" class=\"alignnone size-full wp-image-78\" src=\"https:\/\/waldkritik.de\/wp-content\/uploads\/2014\/07\/WP_20140319_013.jpg\" alt=\"WP_20140319_013\" width=\"337\" height=\"600\" srcset=\"https:\/\/waldkritik.de\/wp-content\/uploads\/2014\/07\/WP_20140319_013.jpg 337w, https:\/\/waldkritik.de\/wp-content\/uploads\/2014\/07\/WP_20140319_013-168x300.jpg 168w\" sizes=\"auto, (max-width: 337px) 100vw, 337px\" \/><\/a><\/p>\n<p><a href=\"https:\/\/waldkritik.de\/wp-content\/uploads\/2014\/07\/WP_20140319_009.jpg\"><img loading=\"lazy\" decoding=\"async\" class=\"alignnone size-full wp-image-77\" src=\"https:\/\/waldkritik.de\/wp-content\/uploads\/2014\/07\/WP_20140319_009.jpg\" alt=\"WP_20140319_009\" width=\"600\" height=\"337\" srcset=\"https:\/\/waldkritik.de\/wp-content\/uploads\/2014\/07\/WP_20140319_009.jpg 600w, https:\/\/waldkritik.de\/wp-content\/uploads\/2014\/07\/WP_20140319_009-300x168.jpg 300w, https:\/\/waldkritik.de\/wp-content\/uploads\/2014\/07\/WP_20140319_009-500x280.jpg 500w\" sizes=\"auto, (max-width: 600px) 100vw, 600px\" \/><\/a><\/p>\n<p><a href=\"https:\/\/waldkritik.de\/wp-content\/uploads\/2014\/07\/Ein-junger-Muskelprotz-r\u00e4umt-auf-1-001.jpg\"><img loading=\"lazy\" decoding=\"async\" class=\"alignnone size-large wp-image-81\" src=\"https:\/\/waldkritik.de\/wp-content\/uploads\/2014\/07\/Ein-junger-Muskelprotz-r\u00e4umt-auf-1-001-1024x783.jpg\" alt=\"Ein junger Muskelprotz r\u00e4umt auf 1 001\" width=\"584\" height=\"446\" srcset=\"https:\/\/waldkritik.de\/wp-content\/uploads\/2014\/07\/Ein-junger-Muskelprotz-r\u00e4umt-auf-1-001-1024x783.jpg 1024w, https:\/\/waldkritik.de\/wp-content\/uploads\/2014\/07\/Ein-junger-Muskelprotz-r\u00e4umt-auf-1-001-300x229.jpg 300w, https:\/\/waldkritik.de\/wp-content\/uploads\/2014\/07\/Ein-junger-Muskelprotz-r\u00e4umt-auf-1-001-392x300.jpg 392w, https:\/\/waldkritik.de\/wp-content\/uploads\/2014\/07\/Ein-junger-Muskelprotz-r\u00e4umt-auf-1-001.jpg 1600w\" sizes=\"auto, (max-width: 584px) 100vw, 584px\" \/><\/a><\/p>\n<p><a href=\"https:\/\/waldkritik.de\/wp-content\/uploads\/2014\/07\/Ein-junger-Muskelprotz-r\u00e4umt-auf-2-001.jpg\"><img loading=\"lazy\" decoding=\"async\" class=\"alignnone size-full wp-image-82\" src=\"https:\/\/waldkritik.de\/wp-content\/uploads\/2014\/07\/Ein-junger-Muskelprotz-r\u00e4umt-auf-2-001.jpg\" alt=\"Ein junger Muskelprotz r\u00e4umt auf 2 001\" width=\"258\" height=\"1000\" \/><\/a><\/p>\n","protected":false},"excerpt":{"rendered":"<p>Sehr geehrter Herr Strittmatter, anbei die Reportage, ein junger Wilder r\u00e4umt auf. Sie erschien am 28. M\u00e4rz im Schw\u00e4bischen Tagblatt. Die angef\u00fcgten Schadbilder sind aus dem gleichen Wald. \u00a0Die Arbeit von Herrn Nothei\u00df\u00b4 bodenschonender Arbeitsweise erf\u00e4hrt Missachtung und Entwertung durch die angetroffenen Sch\u00e4den. Wozu dieser Artikel wenn der betreffende F\u00f6rster die Sch\u00e4den selbst kennt, den &hellip; <a href=\"https:\/\/waldkritik.de\/?p=74\" class=\"more-link\"><span class=\"screen-reader-text\">Offenen Brief an Herrn Strittmatter,<\/span> weiterlesen <span class=\"meta-nav\">&rarr;<\/span><\/a><\/p>\n","protected":false},"author":2,"featured_media":0,"comment_status":"open","ping_status":"closed","sticky":false,"template":"","format":"standard","meta":{"footnotes":""},"categories":[6,2],"tags":[28,358,185,359,357,356],"class_list":["post-74","post","type-post","status-publish","format-standard","hentry","category-baden-wuerttemberg","category-bundeslaender","tag-bodenschaeden","tag-einjungerwilderraeumtauf","tag-martin-strittmatter","tag-maschineneinsatz","tag-reportage","tag-schwaebisches-tagblatt"],"_links":{"self":[{"href":"https:\/\/waldkritik.de\/index.php?rest_route=\/wp\/v2\/posts\/74","targetHints":{"allow":["GET"]}}],"collection":[{"href":"https:\/\/waldkritik.de\/index.php?rest_route=\/wp\/v2\/posts"}],"about":[{"href":"https:\/\/waldkritik.de\/index.php?rest_route=\/wp\/v2\/types\/post"}],"author":[{"embeddable":true,"href":"https:\/\/waldkritik.de\/index.php?rest_route=\/wp\/v2\/users\/2"}],"replies":[{"embeddable":true,"href":"https:\/\/waldkritik.de\/index.php?rest_route=%2Fwp%2Fv2%2Fcomments&post=74"}],"version-history":[{"count":2,"href":"https:\/\/waldkritik.de\/index.php?rest_route=\/wp\/v2\/posts\/74\/revisions"}],"predecessor-version":[{"id":83,"href":"https:\/\/waldkritik.de\/index.php?rest_route=\/wp\/v2\/posts\/74\/revisions\/83"}],"wp:attachment":[{"href":"https:\/\/waldkritik.de\/index.php?rest_route=%2Fwp%2Fv2%2Fmedia&parent=74"}],"wp:term":[{"taxonomy":"category","embeddable":true,"href":"https:\/\/waldkritik.de\/index.php?rest_route=%2Fwp%2Fv2%2Fcategories&post=74"},{"taxonomy":"post_tag","embeddable":true,"href":"https:\/\/waldkritik.de\/index.php?rest_route=%2Fwp%2Fv2%2Ftags&post=74"}],"curies":[{"name":"wp","href":"https:\/\/api.w.org\/{rel}","templated":true}]}}