{"id":759,"date":"2015-03-07T17:54:42","date_gmt":"2015-03-07T15:54:42","guid":{"rendered":"http:\/\/waldkritik.de\/?p=759"},"modified":"2015-03-11T12:29:42","modified_gmt":"2015-03-11T10:29:42","slug":"auch-in-der-stuttgarter-zeitung-fragt-man-inzwischen-nach-dem-wald-und-seinem-boden","status":"publish","type":"post","link":"https:\/\/waldkritik.de\/?p=759","title":{"rendered":"Auch in der Stuttgarter Zeitung fragt man inzwischen nach dem Wald und seinem Boden"},"content":{"rendered":"<p><span style=\"color: #808080;\">Liebe Freunde der Initiative Waldkritik,<\/span><\/p>\n<p style=\"text-align: justify;\"><span style=\"color: #808080;\">heute &#8211; in der Samstagsausgabe &#8211; der Stuttgarter Zeitung ist schon wieder ein Artikel \u00fcber unsere Initiative und damit \u00fcber den Wald und seinen Boden erschienen.\u00a0 Es ist klar, jede Redakteurin und jeder Redakteur haben einen leicht anderen Schwerpunkt bei Ihrer Berichterstattung, aber in der Sache selbst, entspricht der Inhalt und unsere Forderungen nat\u00fcrlich dem Artikel in der S\u00fcdwestpresse von dieser Woche.<\/span><\/p>\n<p style=\"text-align: justify;\"><span style=\"color: #808080;\">Es hat sich leider nur ein kleines Mi\u00dfverst\u00e4ndnis in den Artikel eingeschlichen: Selbstverst\u00e4ndlich wird die Initiative &#8220;Waldkritik&#8221; bis zum Sommer <strong><em>kein eigenes Bodenkonzept<\/em><\/strong> vorstellen, sondern wir meinen nur, da\u00df wir vielleicht bis zum Sommer erreichen k\u00f6nnten, da\u00df das Brandenburger Bodenkonzept vom Forst BW bei der Holzernte in der n\u00e4chsten Saison mit ber\u00fccksichtigt und ausprobiert wird. Zwar ist der Waldboden in Brandenburg von anderer Art, als z.B. der Boden im Sch\u00f6nbuch, aber das Klassifizierungssystem f\u00fcr die B\u00f6den und die Sch\u00e4den, das im Brandenburger Konzept angewandt wird, k\u00f6nnte man auch auf andere W\u00e4lder, wie den Sch\u00f6nbuch \u00fcbertragen (wir haben dar\u00fcber ja bereits ausf\u00fchrlich berichtet). <\/span><\/p>\n<p><span style=\"color: #808080;\">Aber lesen sie jetzt erstmal den Artikel selbst:<\/span><\/p>\n<p><a title=\"Weiter zur Stuttgarter Zeitung\" href=\"http:\/\/www.stuttgarter-zeitung.de\/inhalt.forstverwaltung-im-land-buerger-wollen-mehr-schutz-fuer-waldboeden.c2441b75-70f2-4558-87b0-ec6d16ecb74b.html\" target=\"_blank\"><img loading=\"lazy\" decoding=\"async\" class=\"aligncenter size-full wp-image-760\" src=\"https:\/\/waldkritik.de\/wp-content\/uploads\/2015\/03\/Artikel_7_3_2015_Stuttgarter_Zeitung.jpg\" alt=\"Artikel_7_3_2015_Stuttgarter_Zeitung\" width=\"1000\" height=\"2437\" srcset=\"https:\/\/waldkritik.de\/wp-content\/uploads\/2015\/03\/Artikel_7_3_2015_Stuttgarter_Zeitung.jpg 1000w, https:\/\/waldkritik.de\/wp-content\/uploads\/2015\/03\/Artikel_7_3_2015_Stuttgarter_Zeitung-123x300.jpg 123w, https:\/\/waldkritik.de\/wp-content\/uploads\/2015\/03\/Artikel_7_3_2015_Stuttgarter_Zeitung-420x1024.jpg 420w\" sizes=\"auto, (max-width: 1000px) 100vw, 1000px\" \/><\/a><\/p>\n","protected":false},"excerpt":{"rendered":"<p>Liebe Freunde der Initiative Waldkritik, heute &#8211; in der Samstagsausgabe &#8211; der Stuttgarter Zeitung ist schon wieder ein Artikel \u00fcber unsere Initiative und damit \u00fcber den Wald und seinen Boden erschienen.\u00a0 Es ist klar, jede Redakteurin und jeder Redakteur haben einen leicht anderen Schwerpunkt bei Ihrer Berichterstattung, aber in der Sache selbst, entspricht der Inhalt &hellip; <a href=\"https:\/\/waldkritik.de\/?p=759\" class=\"more-link\"><span class=\"screen-reader-text\">Auch in der Stuttgarter Zeitung fragt man inzwischen nach dem Wald und seinem Boden<\/span> weiterlesen <span class=\"meta-nav\">&rarr;<\/span><\/a><\/p>\n","protected":false},"author":1,"featured_media":0,"comment_status":"open","ping_status":"closed","sticky":false,"template":"","format":"standard","meta":{"footnotes":""},"categories":[1,5],"tags":[],"class_list":["post-759","post","type-post","status-publish","format-standard","hentry","category-der-wald","category-schoenbuch"],"_links":{"self":[{"href":"https:\/\/waldkritik.de\/index.php?rest_route=\/wp\/v2\/posts\/759","targetHints":{"allow":["GET"]}}],"collection":[{"href":"https:\/\/waldkritik.de\/index.php?rest_route=\/wp\/v2\/posts"}],"about":[{"href":"https:\/\/waldkritik.de\/index.php?rest_route=\/wp\/v2\/types\/post"}],"author":[{"embeddable":true,"href":"https:\/\/waldkritik.de\/index.php?rest_route=\/wp\/v2\/users\/1"}],"replies":[{"embeddable":true,"href":"https:\/\/waldkritik.de\/index.php?rest_route=%2Fwp%2Fv2%2Fcomments&post=759"}],"version-history":[{"count":6,"href":"https:\/\/waldkritik.de\/index.php?rest_route=\/wp\/v2\/posts\/759\/revisions"}],"predecessor-version":[{"id":778,"href":"https:\/\/waldkritik.de\/index.php?rest_route=\/wp\/v2\/posts\/759\/revisions\/778"}],"wp:attachment":[{"href":"https:\/\/waldkritik.de\/index.php?rest_route=%2Fwp%2Fv2%2Fmedia&parent=759"}],"wp:term":[{"taxonomy":"category","embeddable":true,"href":"https:\/\/waldkritik.de\/index.php?rest_route=%2Fwp%2Fv2%2Fcategories&post=759"},{"taxonomy":"post_tag","embeddable":true,"href":"https:\/\/waldkritik.de\/index.php?rest_route=%2Fwp%2Fv2%2Ftags&post=759"}],"curies":[{"name":"wp","href":"https:\/\/api.w.org\/{rel}","templated":true}]}}