{"id":7602,"date":"2026-01-17T07:49:10","date_gmt":"2026-01-17T05:49:10","guid":{"rendered":"https:\/\/waldkritik.de\/?p=7602"},"modified":"2026-04-12T21:41:39","modified_gmt":"2026-04-12T19:41:39","slug":"die-anlage-von-rueckegassen-fuehrt-zu-115-230-millionen-ha-waldbodenverluste","status":"publish","type":"post","link":"https:\/\/waldkritik.de\/?p=7602","title":{"rendered":"DURCH DIE ANLAGE VON R\u00dcCKEGASSEN GEHEN DEUTSCHLANDWEIT 1,15-2,30 MILLIONEN ha WALDBODEN VERLOREN"},"content":{"rendered":"\n<p><a href=\"https:\/\/waldkritik.de\/wp-content\/uploads\/2017\/08\/P1010479.jpg\"><img loading=\"lazy\" decoding=\"async\" class=\"alignnone size-medium wp-image-2358\" src=\"https:\/\/waldkritik.de\/wp-content\/uploads\/2017\/08\/P1010479-300x225.jpg\" alt=\"\" width=\"300\" height=\"225\" srcset=\"https:\/\/waldkritik.de\/wp-content\/uploads\/2017\/08\/P1010479-300x225.jpg 300w, https:\/\/waldkritik.de\/wp-content\/uploads\/2017\/08\/P1010479.jpg 400w\" sizes=\"auto, (max-width: 300px) 100vw, 300px\" \/><\/a><\/p>\n<p><strong>R\u00dcCKEGASSE BEI W\u00dcSTENROT<\/strong><\/p>\n<p>\u00a0<\/p>\n<p>Deutschlands Waldfl\u00e4che betr\u00e4gt nach der Bundeswaldinventur 2020, <strong>11,4 Millionen ha<\/strong>.<\/p>\n<p>Durch die Anlage von R\u00fcckegassen werden Waldb\u00f6den zerst\u00f6rt, gehen Waldfl\u00e4chen verloren. Ein f\u00fcr s\u00e4mtlich angelegte R\u00fcckegassen in Deutschland, sehr niedrig angenommene Fl\u00e4chenverbrauch von 10 Prozent, entspricht <strong>1,14 Millionen ha (!). <\/strong>Ein eher wahrscheinlicher, 20-prozentiger Fl\u00e4chenverlust, entspricht <strong>2,28 Millionen ha (!)<\/strong><\/p>\n<p><strong>Die Waldfl\u00e4che Baden-W\u00fcrttembergs betr\u00e4gt 1,4 Millionen ha.<\/strong><\/p>\n<p><strong><span style=\"color: #ff0000;\">Den Zahlen nach gibt es in Baden-W\u00fcrttemberg <span style=\"color: #333333;\">KEINEN Wald mehr<span style=\"color: #000000;\">.<\/span><\/span><\/span><\/strong><\/p>\n<p>\u00a0<\/p>\n<p><strong><span style=\"color: #ff0000;\">HINZUKOMMEN NUN DIE FL\u00c4CHEN F\u00dcR WINDR\u00c4DER&#8230;<\/span><\/strong><\/p>\n\n\n\n\n\n\n","protected":false},"excerpt":{"rendered":"<p>R\u00dcCKEGASSE BEI W\u00dcSTENROT \u00a0 Deutschlands Waldfl\u00e4che betr\u00e4gt nach der Bundeswaldinventur 2020, 11,4 Millionen ha. Durch die Anlage von R\u00fcckegassen werden Waldb\u00f6den zerst\u00f6rt, gehen Waldfl\u00e4chen verloren. Ein f\u00fcr s\u00e4mtlich angelegte R\u00fcckegassen in Deutschland, sehr niedrig angenommene Fl\u00e4chenverbrauch von 10 Prozent, entspricht 1,14 Millionen ha (!). Ein eher wahrscheinlicher, 20-prozentiger Fl\u00e4chenverlust, entspricht 2,28 Millionen ha (!) Die &hellip; <a href=\"https:\/\/waldkritik.de\/?p=7602\" class=\"more-link\"><span class=\"screen-reader-text\">DURCH DIE ANLAGE VON R\u00dcCKEGASSEN GEHEN DEUTSCHLANDWEIT 1,15-2,30 MILLIONEN ha WALDBODEN VERLOREN<\/span> weiterlesen <span class=\"meta-nav\">&rarr;<\/span><\/a><\/p>\n","protected":false},"author":2,"featured_media":0,"comment_status":"open","ping_status":"closed","sticky":false,"template":"","format":"standard","meta":{"footnotes":""},"categories":[1],"tags":[],"class_list":["post-7602","post","type-post","status-publish","format-standard","hentry","category-der-wald"],"_links":{"self":[{"href":"https:\/\/waldkritik.de\/index.php?rest_route=\/wp\/v2\/posts\/7602","targetHints":{"allow":["GET"]}}],"collection":[{"href":"https:\/\/waldkritik.de\/index.php?rest_route=\/wp\/v2\/posts"}],"about":[{"href":"https:\/\/waldkritik.de\/index.php?rest_route=\/wp\/v2\/types\/post"}],"author":[{"embeddable":true,"href":"https:\/\/waldkritik.de\/index.php?rest_route=\/wp\/v2\/users\/2"}],"replies":[{"embeddable":true,"href":"https:\/\/waldkritik.de\/index.php?rest_route=%2Fwp%2Fv2%2Fcomments&post=7602"}],"version-history":[{"count":18,"href":"https:\/\/waldkritik.de\/index.php?rest_route=\/wp\/v2\/posts\/7602\/revisions"}],"predecessor-version":[{"id":7690,"href":"https:\/\/waldkritik.de\/index.php?rest_route=\/wp\/v2\/posts\/7602\/revisions\/7690"}],"wp:attachment":[{"href":"https:\/\/waldkritik.de\/index.php?rest_route=%2Fwp%2Fv2%2Fmedia&parent=7602"}],"wp:term":[{"taxonomy":"category","embeddable":true,"href":"https:\/\/waldkritik.de\/index.php?rest_route=%2Fwp%2Fv2%2Fcategories&post=7602"},{"taxonomy":"post_tag","embeddable":true,"href":"https:\/\/waldkritik.de\/index.php?rest_route=%2Fwp%2Fv2%2Ftags&post=7602"}],"curies":[{"name":"wp","href":"https:\/\/api.w.org\/{rel}","templated":true}]}}