{"id":765,"date":"2015-03-08T23:05:22","date_gmt":"2015-03-08T21:05:22","guid":{"rendered":"http:\/\/waldkritik.de\/?p=765"},"modified":"2015-03-08T23:06:56","modified_gmt":"2015-03-08T21:06:56","slug":"ein-kommentar-zum-artikel","status":"publish","type":"post","link":"https:\/\/waldkritik.de\/?p=765","title":{"rendered":"Ein Kommentar zum Artikel"},"content":{"rendered":"<p><em>Lieber Herr Kunz,<\/em> (Mitglied der Initative &#8220;Waldkritik \/ admin )<\/p>\n<p><em>guter Artikel !<\/em> (in der Stuttgarter Zeitung \/ admin )<\/p>\n<p><em>Es ist nicht richtig, dass es nach FSC egal ist, wie die B\u00f6den der<\/em> <em>R\u00fcckegassen aussehen.\u00a0 Sie machen immerhin rd. 20 % der W\u00e4lder aus,\u00a0 zerschneiden nach unten den Zusammenhang von Wurzel, Bodenpilzen und Bodenwasserstr\u00f6men und zerst\u00f6ren oben Vegetation, Humusstruktur u.a. und bef\u00f6rdern bei Neigung Wassererosion.<\/em><br \/>\n<em> Wenn es\u00a0 die &#8220;vorbildliche&#8221; Anweisung an die Maschinenfahrer gibt, bei sensiblem Wetter nicht zu fahren, dann ist sie sichtbar nicht eingehalten worden, dann ist auf den gezeigten Fl\u00e4chen nichts \u00fcbrig von der Vorbildlichkeit. Hier hat die \u00f6konomische Seite Vorrang vor der \u00f6kologischen.<\/em><br \/>\n<em> Letztere ist aber Voraussetzung f\u00fcr den guten finanziellen Betriebserfolg, sofern man sich der gesetzlich vorgeschriebenen &#8220;Nachhaltigkeit&#8221; verpflichtet f\u00fchlt.<\/em><\/p>\n<p><em>Ich freue mich auf das Bodenkonzept !!<\/em><br \/>\n<em> Herzliche Gr\u00fc\u00dfe,<\/em><br \/>\n<em> Lutz F\u00e4hser<\/em><\/p>\n","protected":false},"excerpt":{"rendered":"<p>Lieber Herr Kunz, (Mitglied der Initative &#8220;Waldkritik \/ admin ) guter Artikel ! (in der Stuttgarter Zeitung \/ admin ) Es ist nicht richtig, dass es nach FSC egal ist, wie die B\u00f6den der R\u00fcckegassen aussehen.\u00a0 Sie machen immerhin rd. 20 % der W\u00e4lder aus,\u00a0 zerschneiden nach unten den Zusammenhang von Wurzel, Bodenpilzen und Bodenwasserstr\u00f6men &hellip; <a href=\"https:\/\/waldkritik.de\/?p=765\" class=\"more-link\"><span class=\"screen-reader-text\">Ein Kommentar zum Artikel<\/span> weiterlesen <span class=\"meta-nav\">&rarr;<\/span><\/a><\/p>\n","protected":false},"author":1,"featured_media":0,"comment_status":"open","ping_status":"closed","sticky":false,"template":"","format":"standard","meta":{"footnotes":""},"categories":[5],"tags":[],"class_list":["post-765","post","type-post","status-publish","format-standard","hentry","category-schoenbuch"],"_links":{"self":[{"href":"https:\/\/waldkritik.de\/index.php?rest_route=\/wp\/v2\/posts\/765","targetHints":{"allow":["GET"]}}],"collection":[{"href":"https:\/\/waldkritik.de\/index.php?rest_route=\/wp\/v2\/posts"}],"about":[{"href":"https:\/\/waldkritik.de\/index.php?rest_route=\/wp\/v2\/types\/post"}],"author":[{"embeddable":true,"href":"https:\/\/waldkritik.de\/index.php?rest_route=\/wp\/v2\/users\/1"}],"replies":[{"embeddable":true,"href":"https:\/\/waldkritik.de\/index.php?rest_route=%2Fwp%2Fv2%2Fcomments&post=765"}],"version-history":[{"count":4,"href":"https:\/\/waldkritik.de\/index.php?rest_route=\/wp\/v2\/posts\/765\/revisions"}],"predecessor-version":[{"id":767,"href":"https:\/\/waldkritik.de\/index.php?rest_route=\/wp\/v2\/posts\/765\/revisions\/767"}],"wp:attachment":[{"href":"https:\/\/waldkritik.de\/index.php?rest_route=%2Fwp%2Fv2%2Fmedia&parent=765"}],"wp:term":[{"taxonomy":"category","embeddable":true,"href":"https:\/\/waldkritik.de\/index.php?rest_route=%2Fwp%2Fv2%2Fcategories&post=765"},{"taxonomy":"post_tag","embeddable":true,"href":"https:\/\/waldkritik.de\/index.php?rest_route=%2Fwp%2Fv2%2Ftags&post=765"}],"curies":[{"name":"wp","href":"https:\/\/api.w.org\/{rel}","templated":true}]}}