{"id":771,"date":"2015-03-11T10:17:51","date_gmt":"2015-03-11T08:17:51","guid":{"rendered":"http:\/\/waldkritik.de\/?p=771"},"modified":"2016-08-04T10:40:02","modified_gmt":"2016-08-04T08:40:02","slug":"spurrillen-im-hardtwald-ammerbuch","status":"publish","type":"post","link":"https:\/\/waldkritik.de\/?p=771","title":{"rendered":"Spurrillen im Hardtwald, Ammerbuch"},"content":{"rendered":"<p>Im Nachgang zu dem Artikel \u00fcber unsere Initiative im\u00a0 Schw\u00e4bischen Tagblatt hat uns gestern ein Sonntagsspazierg\u00e4nger Bilder der derzeitigen Holzernte im Hardtwald, in der Gemeinde Ammerbuch geschickt, die er \u00fcberaus emp\u00f6rend fand.<\/p>\n<p>Die Bilder sprechen f\u00fcr sich und ben\u00f6tigen keinen weiteren Kommentar mehr, sie best\u00e4tigen auf tragische Weise unser Anliegen bzgl. des Waldbodens!<\/p>\n<p><a href=\"https:\/\/waldkritik.de\/wp-content\/uploads\/2015\/03\/Einfahrt-Spurrillen-im-Hardtwald-Gemeinde-Ammerbuch.jpg\"><img loading=\"lazy\" decoding=\"async\" class=\"aligncenter size-full wp-image-772\" src=\"https:\/\/waldkritik.de\/wp-content\/uploads\/2015\/03\/Einfahrt-Spurrillen-im-Hardtwald-Gemeinde-Ammerbuch.jpg\" alt=\"Einfahrt Spurrillen im Hardtwald Gemeinde Ammerbuch\" width=\"1000\" height=\"1333\" srcset=\"https:\/\/waldkritik.de\/wp-content\/uploads\/2015\/03\/Einfahrt-Spurrillen-im-Hardtwald-Gemeinde-Ammerbuch.jpg 1000w, https:\/\/waldkritik.de\/wp-content\/uploads\/2015\/03\/Einfahrt-Spurrillen-im-Hardtwald-Gemeinde-Ammerbuch-225x300.jpg 225w, https:\/\/waldkritik.de\/wp-content\/uploads\/2015\/03\/Einfahrt-Spurrillen-im-Hardtwald-Gemeinde-Ammerbuch-768x1024.jpg 768w\" sizes=\"auto, (max-width: 1000px) 100vw, 1000px\" \/><\/a><\/p>\n<p><a href=\"https:\/\/waldkritik.de\/wp-content\/uploads\/2015\/03\/Spurrillen-im-Hardtwald-Gemeinde-Ammerbuch.jpg\"><img loading=\"lazy\" decoding=\"async\" class=\"aligncenter size-full wp-image-773\" src=\"https:\/\/waldkritik.de\/wp-content\/uploads\/2015\/03\/Spurrillen-im-Hardtwald-Gemeinde-Ammerbuch.jpg\" alt=\"Spurrillen im Hardtwald Gemeinde Ammerbuch\" width=\"1000\" height=\"1186\" srcset=\"https:\/\/waldkritik.de\/wp-content\/uploads\/2015\/03\/Spurrillen-im-Hardtwald-Gemeinde-Ammerbuch.jpg 1000w, https:\/\/waldkritik.de\/wp-content\/uploads\/2015\/03\/Spurrillen-im-Hardtwald-Gemeinde-Ammerbuch-253x300.jpg 253w, https:\/\/waldkritik.de\/wp-content\/uploads\/2015\/03\/Spurrillen-im-Hardtwald-Gemeinde-Ammerbuch-863x1024.jpg 863w\" sizes=\"auto, (max-width: 1000px) 100vw, 1000px\" \/><\/a><\/p>\n","protected":false},"excerpt":{"rendered":"<p>Im Nachgang zu dem Artikel \u00fcber unsere Initiative im\u00a0 Schw\u00e4bischen Tagblatt hat uns gestern ein Sonntagsspazierg\u00e4nger Bilder der derzeitigen Holzernte im Hardtwald, in der Gemeinde Ammerbuch geschickt, die er \u00fcberaus emp\u00f6rend fand. Die Bilder sprechen f\u00fcr sich und ben\u00f6tigen keinen weiteren Kommentar mehr, sie best\u00e4tigen auf tragische Weise unser Anliegen bzgl. des Waldbodens!<\/p>\n","protected":false},"author":1,"featured_media":0,"comment_status":"open","ping_status":"closed","sticky":false,"template":"","format":"standard","meta":{"footnotes":""},"categories":[1,103],"tags":[239,697,761,762,667],"class_list":["post-771","post","type-post","status-publish","format-standard","hentry","category-der-wald","category-hardtwald-ammerbuch","tag-gemeindewald-ammerbuch","tag-grundbruch","tag-hardtwald","tag-revierfoerster-ruff","tag-spurrillen"],"_links":{"self":[{"href":"https:\/\/waldkritik.de\/index.php?rest_route=\/wp\/v2\/posts\/771","targetHints":{"allow":["GET"]}}],"collection":[{"href":"https:\/\/waldkritik.de\/index.php?rest_route=\/wp\/v2\/posts"}],"about":[{"href":"https:\/\/waldkritik.de\/index.php?rest_route=\/wp\/v2\/types\/post"}],"author":[{"embeddable":true,"href":"https:\/\/waldkritik.de\/index.php?rest_route=\/wp\/v2\/users\/1"}],"replies":[{"embeddable":true,"href":"https:\/\/waldkritik.de\/index.php?rest_route=%2Fwp%2Fv2%2Fcomments&post=771"}],"version-history":[{"count":2,"href":"https:\/\/waldkritik.de\/index.php?rest_route=\/wp\/v2\/posts\/771\/revisions"}],"predecessor-version":[{"id":775,"href":"https:\/\/waldkritik.de\/index.php?rest_route=\/wp\/v2\/posts\/771\/revisions\/775"}],"wp:attachment":[{"href":"https:\/\/waldkritik.de\/index.php?rest_route=%2Fwp%2Fv2%2Fmedia&parent=771"}],"wp:term":[{"taxonomy":"category","embeddable":true,"href":"https:\/\/waldkritik.de\/index.php?rest_route=%2Fwp%2Fv2%2Fcategories&post=771"},{"taxonomy":"post_tag","embeddable":true,"href":"https:\/\/waldkritik.de\/index.php?rest_route=%2Fwp%2Fv2%2Ftags&post=771"}],"curies":[{"name":"wp","href":"https:\/\/api.w.org\/{rel}","templated":true}]}}