{"id":881,"date":"2015-04-16T21:21:13","date_gmt":"2015-04-16T19:21:13","guid":{"rendered":"http:\/\/waldkritik.de\/?p=881"},"modified":"2016-08-14T12:28:42","modified_gmt":"2016-08-14T10:28:42","slug":"zum-jahr-des-bodens-schweigt-auch-die-wissenschaft-nicht","status":"publish","type":"post","link":"https:\/\/waldkritik.de\/?p=881","title":{"rendered":"Zum Jahr des Bodens schweigt auch die Wissenschaft nicht!"},"content":{"rendered":"<p style=\"text-align: justify;\">Liebe Freunde der Initiative &#8220;Waldkritik&#8221;,<\/p>\n<p style=\"text-align: justify;\">2015 ist das Jahr des Bodens, deshalb wird von der Universit\u00e4t T\u00fcbingen im Rahmen des<em><strong> Studium Generale,<\/strong><\/em> f\u00fcr jedermann zug\u00e4nglich, zum Thema: <strong><em>Georessource Boden \u2013 zwischen \u00d6konomie und \u00d6kologie<\/em><\/strong> <!--more-->eine Reihe von Vorlesungen angeboten, die wir jedem gerne enpfehlen wollen, der sich mit dem Thema Boden intensiver besch\u00e4ftigen m\u00f6chte.<\/p>\n<p style=\"text-align: justify;\">Das Thema lautet wie gesagt:<\/p>\n<h4 style=\"text-align: justify;\"><a title=\"Weiter zum Vorlesungsprogramm\" href=\"https:\/\/waldkritik.de\/wp-content\/uploads\/2015\/04\/StudiumGenerale_SoSe_2015_Boden.pdf\" target=\"_blank\"><span style=\"color: #0000ff;\">Georessource Boden \u2013 zwischen \u00d6konomie und \u00d6kologie<\/span><\/a><\/h4>\n<p style=\"text-align: justify;\">Das Vorlesungsprogramm kann <a title=\"Programm einsehen\" href=\"https:\/\/waldkritik.de\/wp-content\/uploads\/2015\/04\/StudiumGenerale_SoSe_2015_Boden.pdf\" target=\"_blank\"><span style=\"color: #ff0000;\"><strong>hier<\/strong><\/span><\/a> eingesehen werden und die Vorlesungen finden jeweils Mittwochs, 20 Uhr c. t., H\u00f6rsaal 22, im Kupferbau statt!<\/p>\n<p style=\"text-align: justify;\"><em>Organisation: Prof. Dr. Thomas Scholten, Geographisches Institut,<\/em><br \/>\n<em>Lehrstuhl Bodenkunde und Geomorphologie<\/em><\/p>\n<p style=\"text-align: justify;\">B\u00f6den sind die Grundlage unseres Lebens. Sie sichern unsere Ern\u00e4hrung, stellen vielf\u00e4ltige Funktionen f\u00fcr den Menschen bereit und spielen eine zentrale Rolle im Naturhaushalt, wie beispielsweise als Regulatoren im Kohlestoffkreislauf und im Klimasystem. B\u00f6den werden in Europa und weltweit \u00fcber Geb\u00fchr in Anspruch genommen. Hauptgrund hierf\u00fcr ist der zunehmende Wettbewerb um Fl\u00e4chen f\u00fcr landwirtschaftliche und bauliche Nutzung. Hinzu kommen Verluste durch Verdichtung, Kontamination und Abtrag. Die Folgen des Raubbaus sind vielf\u00e4ltig und reichen von einem Verlust der Artenvielfalt bis zur Gef\u00e4hrdung der Nahrungsmittelversorgung. Versch\u00e4rft werden diese Probleme durch den zunehmenden Bedarf an Nahrung f\u00fcr eine wachsende globale Bev\u00f6lkerung. Laut dem UNEP Global Land Use Report 2014 braucht die Menschheit im Jahr 2050 bis zu 50 Prozent mehr Lebensraum. Eine deutliche Preissteigerung f\u00fcr das knappe Gut Boden ist abzusehen.<\/p>\n<p style=\"text-align: justify;\">B\u00f6den sind somit nicht nur \u00d6kosystemdienstleister, sondern auch ein wichtiger Wirtschaftsfaktor geworden.<\/p>\n<p style=\"text-align: justify;\">Es bedarf gro\u00dfer Anstrengungen zum Erhalt und zur nachhaltigen Nutzung unserer B\u00f6den. Wie viel Boden brauchen wir? Wie viel haben wir? Was m\u00fcssen wir zur Erhaltung der Funktionalit\u00e4t von B\u00f6den beachten? Am Ende sind es also wir, die zun\u00e4chst ihren Blick auf den Boden als multifunktionales und hochkomplexes System sch\u00e4rfen m\u00fcssen, sowohl im Hinblick auf unser aller Gemeinwohl als auch auf individuelle und regionale Erfordernisse. Genau hierzu soll das Studium Generale beitragen, indem grundlegende Aspekte und Beispiele f\u00fcr einen nachhaltigen und zukunftsweisen Umgang mit der <em><strong>Georessource Boden<\/strong><\/em> vorgestellt und diskutiert werden. Die Vorlesungsreihe findet anl\u00e4sslich des weltweiten \u201eUN Year of Soils 2015\u201c statt und ist thematisch eng mit dieser Initiative verzahnt.<\/p>\n","protected":false},"excerpt":{"rendered":"<p>Liebe Freunde der Initiative &#8220;Waldkritik&#8221;, 2015 ist das Jahr des Bodens, deshalb wird von der Universit\u00e4t T\u00fcbingen im Rahmen des Studium Generale, f\u00fcr jedermann zug\u00e4nglich, zum Thema: Georessource Boden \u2013 zwischen \u00d6konomie und \u00d6kologie<\/p>\n","protected":false},"author":1,"featured_media":0,"comment_status":"open","ping_status":"closed","sticky":false,"template":"","format":"standard","meta":{"footnotes":""},"categories":[1],"tags":[783,790,467,787,793,781,780,763,494,786,789,784,792,305,282,437,782,785,779,794,513,788,791],"class_list":["post-881","post","type-post","status-publish","format-standard","hentry","category-der-wald","tag-geomorphologie","tag-abtrag","tag-bodenkunde","tag-bodenverluste","tag-erhaltung-der-boeden","tag-geographisches-institut","tag-georessource-boden","tag-jahr-des-bodens","tag-klima","tag-kohlenstoffkreislauf","tag-kotamination","tag-lebensgrundlage-boden","tag-nahrungsmittelversorgung","tag-naturhaushalt","tag-oekologie","tag-oekonomie","tag-prof-thomas-scholten","tag-regulator","tag-studium-generale","tag-un-year-of-soils-2015","tag-uni-tuebingen","tag-verdichtung","tag-verlust-der-artenvielfalt"],"_links":{"self":[{"href":"https:\/\/waldkritik.de\/index.php?rest_route=\/wp\/v2\/posts\/881","targetHints":{"allow":["GET"]}}],"collection":[{"href":"https:\/\/waldkritik.de\/index.php?rest_route=\/wp\/v2\/posts"}],"about":[{"href":"https:\/\/waldkritik.de\/index.php?rest_route=\/wp\/v2\/types\/post"}],"author":[{"embeddable":true,"href":"https:\/\/waldkritik.de\/index.php?rest_route=\/wp\/v2\/users\/1"}],"replies":[{"embeddable":true,"href":"https:\/\/waldkritik.de\/index.php?rest_route=%2Fwp%2Fv2%2Fcomments&post=881"}],"version-history":[{"count":4,"href":"https:\/\/waldkritik.de\/index.php?rest_route=\/wp\/v2\/posts\/881\/revisions"}],"predecessor-version":[{"id":887,"href":"https:\/\/waldkritik.de\/index.php?rest_route=\/wp\/v2\/posts\/881\/revisions\/887"}],"wp:attachment":[{"href":"https:\/\/waldkritik.de\/index.php?rest_route=%2Fwp%2Fv2%2Fmedia&parent=881"}],"wp:term":[{"taxonomy":"category","embeddable":true,"href":"https:\/\/waldkritik.de\/index.php?rest_route=%2Fwp%2Fv2%2Fcategories&post=881"},{"taxonomy":"post_tag","embeddable":true,"href":"https:\/\/waldkritik.de\/index.php?rest_route=%2Fwp%2Fv2%2Ftags&post=881"}],"curies":[{"name":"wp","href":"https:\/\/api.w.org\/{rel}","templated":true}]}}