{"id":888,"date":"2015-04-18T17:12:32","date_gmt":"2015-04-18T15:12:32","guid":{"rendered":"http:\/\/waldkritik.de\/?p=888"},"modified":"2016-07-30T10:14:57","modified_gmt":"2016-07-30T08:14:57","slug":"leider-finden-sich-ueberall-beispiele-der-ursachen-unserer-kritik","status":"publish","type":"post","link":"https:\/\/waldkritik.de\/?p=888","title":{"rendered":"Schweres Arbeitsger\u00e4t verursacht massive Sch\u00e4den"},"content":{"rendered":"<p style=\"text-align: justify;\">Liebe Freunde der Initiative &#8220;Waldkritik&#8221;,<\/p>\n<p style=\"text-align: justify;\">ein besonders eifriger Leser unserer Seite hat uns eine Liste von Links zu besonders interessanten Beitr\u00e4gen zum Thema <em><strong>&#8220;Bodensch\u00e4den&#8221;<\/strong><\/em> geschickt, die wir Ihnen auf keinen Fall vorenthalten m\u00f6chten, wenn Sie auf weiterlesen klicken, dann gelangen Sie zur Liste:<!--more--><\/p>\n<p style=\"text-align: justify;\">Liebe Initiative &#8220;Waldkritik&#8221;, bei meinen Recherche-Touren im Internet habe ich <strong><em>einige interessante Beitr\u00e4ge<\/em><\/strong> gefunden, die auch In f\u00fcr Leser Ihrer Seite von Interesse sein k\u00f6nnten.<\/p>\n<p style=\"text-align: justify;\">In meiner Liste der interessanten Beitr\u00e4ge hat vor allem ein Beitr\u00e4g, den ich auf der Seite <em><strong>&#8220;Sch\u00fctzt den Sch\u00f6nbuch&#8221;<\/strong><\/em> gefunden habe, einen hohen Informationswert, klicken Sie, lieber Leser, <a title=\"Weiter zum Beitrag\" href=\"http:\/\/schuetzt-den-schoenbuch.de\/wordpress\/wp-content\/uploads\/2013\/06\/Bodenschutz-nemestothy.pdf\" target=\"_blank\"><span style=\"color: #ff0000;\"><strong>HIER!<\/strong><\/span><\/a> Dann finden Sie einen Vortrag von Nikolaus Nemest\u00f3thy, BFW Forsttechnik, mit dem Titel: <em>Boden unter Druck &#8211; <\/em><em>Sind Bodenschutzziele und Holzernte vereinbar?<\/em><\/p>\n<p style=\"text-align: justify;\">Zum Thema <em><strong>&#8220;Sch\u00e4den an den Randb\u00e4umen der R\u00fcckegassen&#8221;<\/strong><\/em> habe ich mehrere Beitr\u00e4ge gefunden, klicken Sie z.B. <a title=\"Weiter zum Beitrag\" href=\"http:\/\/link.springer.com\/article\/10.1007%2FBF02741840\/lookinside\/000.png\" target=\"_blank\"><span style=\"color: #ff0000;\"><strong>HIER!<\/strong><\/span><\/a> Da geht es um die <em>Wundf\u00e4ule nach Baumverletzungen durch die Holzwirtschaft!<\/em><\/p>\n<p>Oder hier zum Beitrag\u00a0 Sch\u00e4den an den Bb\u00e4umen finden Sie <a title=\"Weiter zum Beitrag\" href=\"http:\/\/www.zukunftslobby.de\/Zublog\/2008\/zulob200806.html\" target=\"_blank\"><span style=\"color: #ff0000;\"><strong>HIER!<\/strong><\/span> <\/a><span style=\"color: #333399;\"><strong>sehr anschauliches Fotomaterial<\/strong><\/span> Thema: <em>R\u00fcckesch\u00e4den im deutschen Wald<\/em> &#8211; <em>Ein Beispiel von Tausenden, wie ein alles bestimmender Wettbewerb Zerst\u00f6rungen beg\u00fcnstigt, &#8230; hier mit einigen Fotos veranschaulichen.<\/em><\/p>\n<p><span style=\"color: #333399;\"><strong>Zum Thema &#8220;Bodensch\u00e4den&#8221;, und das ist erstaunlich, ein Beitrag von Ingenieuren(!!!) zu den Bodensch\u00e4den im Wald, klicken Sie<\/strong><\/span> <a title=\"Weiter zum Beitrag\" href=\"http:\/\/www.ingenieur360.de\/forschung-entwicklung\/schweres-arbeitsgeraet-traegt-zum-waldsterben-bei\/\" target=\"_blank\"><span style=\"color: #ff0000;\"><strong>HIER!<\/strong><\/span><\/a><\/p>\n<p>Oder <a title=\"Weiter zum Beitrag\" href=\"http:\/\/www.ln-online.de\/Lokales\/Stormarn\/Schaeden-nach-der-Holzernte-Fesche-rueckt-den-Wald-zurecht\" target=\"_blank\"><span style=\"color: #ff0000;\"><strong>HIER!<\/strong><\/span><\/a> <em>Sch\u00e4den nach der Holzernte<\/em><\/p>\n<p style=\"text-align: justify;\">Oder <a title=\"Weiter zum Beitrag\" href=\"https:\/\/vivawald.wordpress.com\/page\/3\/\" target=\"_blank\"><span style=\"color: #ff0000;\"><strong>HIER!<\/strong><\/span><\/a> <em>Die B\u00fcrgerinitiative &#8220;Vivawald&#8221; kritisiert Kahlschlag und Sch\u00e4den durch schwere Maschinen<\/em><\/p>\n<p style=\"text-align: justify;\">Oder <a title=\"Weiter zum Beitrag\" href=\"http:\/\/www.taunus-zeitung.de\/lokales\/wetterau\/Faellt-Schoeneck-zu-viele-Baeume;art677,1281916\" target=\"_blank\"><span style=\"color: #ff0000;\"><strong>HIER!<\/strong><\/span><\/a>\u00a0 <em>F\u00e4llt Sch\u00f6neck zu viele B\u00e4ume?<\/em><br \/>\n<em>Aufger\u00e4umt sieht es im Kilianst\u00e4dter Wald derzeit nicht aus, denn Baumf\u00e4llarbeiten waren wie jeden Winter angesagt. Doch in diesem Jahr sei es besonders schlimm, meinen einige B\u00fcrger. Zerfurchte Wege, \u00fcberall Holz, sogar von Kahlschlag ist die Rede. Revierf\u00f6rster Heiner Koch h\u00e4lt dagegen, es werde in diesem Jahr sogar weniger Holz geerntet als sonst.\u00a0<\/em><\/p>\n<p>Etwas \u00e4ltere Berichterstattungen zu Bodensch\u00e4den finden Sie <a title=\"Weiter zum Beitrag\" href=\"http:\/\/www.wiesbadener-tagblatt.de\/lokales\/untertaunus\/bad-schwalbach\/forstamt-bad-schwalbach-hat-wegen-aufgeweichter-waldboeden-holzrueckearbeiten-eingestellt_13888986.htm\" target=\"_blank\"><span style=\"color: #ff0000;\"><strong>HIER!<\/strong><\/span><\/a><em> Forstamt Bad Schwalbach hat wegen aufgeweichter Waldb\u00f6den Holzr\u00fcckearbeiten eingestellt\u00a0<\/em><\/p>\n<p>Oder<a title=\"Weiter zum Beitrag\" href=\"http:\/\/www.ndr.de\/nachrichten\/niedersachsen\/braunschweig_harz_goettingen\/Moringer-protestieren-gegen-Forstwirtschaft,waldschaeden135.html\" target=\"_blank\"> <span style=\"color: #ff0000;\"><strong>HIER!<\/strong><\/span><\/a><em> Moringer protestieren gegen &#8211; Forstwirtschaft. Waldmaschine &#8220;Harvester&#8221; zerst\u00f6rt Waldboden<\/em><\/p>\n<p>Oder <a title=\"Weiter zum Beitrag\" href=\"http:\/\/www.kreisblatt.de\/lokales\/main-taunus-kreis\/Wald-Debatte-soll-bald-beginnen;art676,656587\" target=\"_blank\"><span style=\"color: #ff0000;\"><strong>HIER!<\/strong><\/span><\/a> <em>Wald-Debatte soll bald beginnen &#8211; Nutzwald? Erholungswald? Urwald? Oder alles auf einmal? Die Stadt m\u00f6chte mit allen Beteiligten eine breit angelegte Grundsatzdiskussion f\u00fchren.\u00a0<\/em><\/p>\n<p>Beitr\u00e4ge, die dem Einsatz von R\u00fcckepferden gewidmet sind, findet man <a title=\"Weiter zum Beitrag\" href=\"http:\/\/www.zvw.de\/inhalt.schorndorf-und-umgebung-rueckepferd-als-alternative-zum-maschineneinsatz.f231f681-9abf-40e8-bd0c-724045fd8367.html\" target=\"_blank\"><span style=\"color: #ff0000;\"><strong>HIER!<\/strong><\/span><\/a> <em>Schorndorf und Umgebung &#8211; R\u00fcckepferd als Alternative zum Maschineneinsatz<\/em><\/p>\n<p>Oder auch sehr informativ <a title=\"Weiter zum Beitrag\" href=\"http:\/\/www.buergerimstaat.de\/1_01\/wald07.htm\" target=\"_blank\"><strong><span style=\"color: #ff0000;\">HIER!<\/span><\/strong> <\/a><em>Was ist eigentlich aus dem &#8220;Waldsterben&#8221; geworden? Neuartige Waldsch\u00e4den: Legende oder Realit\u00e4t?<\/em><\/p>\n<p style=\"text-align: justify;\">Oder zu guter Letzt auch <a title=\"Weiter zum Beitrag\" href=\"http:\/\/www.schwaebische.de\/region_artikel,-Aerger-ueber-Wueterei-im-Wald-_arid,10205043_toid,541.html%20\" target=\"_blank\"><span style=\"color: #ff0000;\"><strong>HIER!<\/strong><\/span><\/a> <em>\u00c4rger \u00fcber W\u00fcterei im Wald &#8211; SPD und G&amp;U wollen Weingartener Stadtwald als Erholungsgebiet unter Schutz stellen!<\/em><\/p>\n","protected":false},"excerpt":{"rendered":"<p>Liebe Freunde der Initiative &#8220;Waldkritik&#8221;, ein besonders eifriger Leser unserer Seite hat uns eine Liste von Links zu besonders interessanten Beitr\u00e4gen zum Thema &#8220;Bodensch\u00e4den&#8221; geschickt, die wir Ihnen auf keinen Fall vorenthalten m\u00f6chten, wenn Sie auf weiterlesen klicken, dann gelangen Sie zur Liste:<\/p>\n","protected":false},"author":1,"featured_media":0,"comment_status":"open","ping_status":"closed","sticky":false,"template":"","format":"standard","meta":{"footnotes":""},"categories":[1],"tags":[533,28,531,536,524,530,520,390,529,522,523,534,521,532,528,527,526,535,525],"class_list":["post-888","post","type-post","status-publish","format-standard","hentry","category-der-wald","tag-bad-schwalbach","tag-bodenschaeden","tag-buergerinitiative-vivawald","tag-ernst-e-hildebrand","tag-fotomaterial","tag-fruehwarnsystem","tag-linkliste","tag-mykorrhizapilze","tag-naehstoffgrundlagen","tag-nikolaus-nemestothy","tag-schaeden-an-randbaeumen","tag-schorndorf","tag-schuetzt-den-schoenbuch","tag-stadt-hofheim","tag-tu-muenchen","tag-uni-tartu","tag-uni-zuerich","tag-weingarter-stadtwald","tag-wsl"],"_links":{"self":[{"href":"https:\/\/waldkritik.de\/index.php?rest_route=\/wp\/v2\/posts\/888","targetHints":{"allow":["GET"]}}],"collection":[{"href":"https:\/\/waldkritik.de\/index.php?rest_route=\/wp\/v2\/posts"}],"about":[{"href":"https:\/\/waldkritik.de\/index.php?rest_route=\/wp\/v2\/types\/post"}],"author":[{"embeddable":true,"href":"https:\/\/waldkritik.de\/index.php?rest_route=\/wp\/v2\/users\/1"}],"replies":[{"embeddable":true,"href":"https:\/\/waldkritik.de\/index.php?rest_route=%2Fwp%2Fv2%2Fcomments&post=888"}],"version-history":[{"count":12,"href":"https:\/\/waldkritik.de\/index.php?rest_route=\/wp\/v2\/posts\/888\/revisions"}],"predecessor-version":[{"id":913,"href":"https:\/\/waldkritik.de\/index.php?rest_route=\/wp\/v2\/posts\/888\/revisions\/913"}],"wp:attachment":[{"href":"https:\/\/waldkritik.de\/index.php?rest_route=%2Fwp%2Fv2%2Fmedia&parent=888"}],"wp:term":[{"taxonomy":"category","embeddable":true,"href":"https:\/\/waldkritik.de\/index.php?rest_route=%2Fwp%2Fv2%2Fcategories&post=888"},{"taxonomy":"post_tag","embeddable":true,"href":"https:\/\/waldkritik.de\/index.php?rest_route=%2Fwp%2Fv2%2Ftags&post=888"}],"curies":[{"name":"wp","href":"https:\/\/api.w.org\/{rel}","templated":true}]}}